{"id":2725,"date":"2021-09-29T10:37:21","date_gmt":"2021-09-29T08:37:21","guid":{"rendered":"https:\/\/katedrabiologie.sk\/?p=2725"},"modified":"2021-09-29T10:38:16","modified_gmt":"2021-09-29T08:38:16","slug":"pozrite-si-vedatorsky-special-s-prof-rndr-jurajom-krajcovicom-csc-o-evolucii-a-nasej-dna","status":"publish","type":"post","link":"https:\/\/oddeleniebiologie.sk\/en\/pozrite-si-vedatorsky-special-s-prof-rndr-jurajom-krajcovicom-csc-o-evolucii-a-nasej-dna\/","title":{"rendered":"Pozrite si ved\u00e1torsk\u00fd \u0161peci\u00e1l s prof. RNDr. Jurajom Kraj\u010dovi\u010dom, CSc. o evol\u00facii a na\u0161ej DNA"},"content":{"rendered":"<p><span class=\"has-inline-color has-black-color\">Hos\u0165om prvej epiz\u00f3dy ved\u00e1torsk\u00e9ho \u0161peci\u00e1lu, ktor\u00e9ho moder\u00e1torom je Samuel Kov\u00e1\u010dik (alias Ved\u00e1tor) bol <strong>prof. RNDr. Juraj Kraj\u010dovi\u010d, CSc. ved\u00faci Katedry biol\u00f3gie na Fakulte pr\u00edrodn\u00fdch vied Univerzity sv. Cyrila a Metoda v Trnave<\/strong>, ktor\u00fd sa vo svojej odbornej kari\u00e9re venuje okrem in\u00e9ho aj evolu\u010dnej a molekul\u00e1rnej biol\u00f3gii. Vypo\u010dujte si viac o evol\u00facii a jej s\u00favise s genetikou.<\/span><\/p>\n\n\n\n<figure class=\"wp-block-embed is-type-video is-provider-youtube wp-block-embed-youtube wp-embed-aspect-16-9 wp-has-aspect-ratio\"><div class=\"wp-block-embed__wrapper\">\n<div class='embed-container'><iframe loading=\"lazy\" title=\"DNA ERA | Ved\u00e1torsk\u00fd podcast (\u0161peci\u00e1l no. 1) - Evol\u00facia, genetika a na\u0161a DNA\" width=\"1920\" height=\"1080\" src=\"https:\/\/www.youtube.com\/embed\/n_FRd_CW5X4?feature=oembed\" frameborder=\"0\" allow=\"accelerometer; autoplay; clipboard-write; encrypted-media; gyroscope; picture-in-picture\" allowfullscreen><\/iframe><\/div>\n<\/div><figcaption>Rozhovor s prof. RNDr. Jurajom Kraj\u010dovi\u010dom, CSc. o evolu\u010dnej a molekul\u00e1rnej biol\u00f3gii<\/figcaption><\/figure>","protected":false},"excerpt":{"rendered":"<p>Hos\u0165om prvej epiz\u00f3dy ved\u00e1torsk\u00e9ho \u0161peci\u00e1lu, ktor\u00e9ho moder\u00e1torom je Samuel Kov\u00e1\u010dik (alias Ved\u00e1tor) bol prof. RNDr. Juraj Kraj\u010dovi\u010d, CSc. ved\u00faci Katedry biol\u00f3gie na Fakulte pr\u00edrodn\u00fdch vied Univerzity sv. Cyrila a Metoda v Trnave, ktor\u00fd sa vo svojej odbornej kari\u00e9re venuje okrem in\u00e9ho aj evolu\u010dnej a molekul\u00e1rnej biol\u00f3gii. Vypo\u010dujte si viac o evol\u00facii a jej s\u00favise s&hellip; <br \/> <a class=\"read-more\" href=\"https:\/\/oddeleniebiologie.sk\/en\/pozrite-si-vedatorsky-special-s-prof-rndr-jurajom-krajcovicom-csc-o-evolucii-a-nasej-dna\/\">Read more<\/a><\/p>","protected":false},"author":1,"featured_media":2719,"comment_status":"open","ping_status":"open","sticky":false,"template":"","format":"standard","meta":{"_monsterinsights_skip_tracking":false,"_monsterinsights_sitenote_active":false,"_monsterinsights_sitenote_note":"","_monsterinsights_sitenote_category":0,"ngg_post_thumbnail":0,"footnotes":""},"categories":[1],"tags":[],"class_list":["post-2725","post","type-post","status-publish","format-standard","has-post-thumbnail","hentry","category-nezaradene"],"yoast_head":"<!-- This site is optimized with the Yoast SEO plugin v27.5 - https:\/\/yoast.com\/product\/yoast-seo-wordpress\/ -->\n<title>Pozrite si ved\u00e1torsk\u00fd \u0161peci\u00e1l s prof. RNDr. Jurajom Kraj\u010dovi\u010dom, CSc. o evol\u00facii a na\u0161ej DNA - oddeleniebiologie.sk<\/title>\n<meta name=\"description\" content=\"Rozhovor s prof. RNDr. Jurajom Kraj\u010dovi\u010dom, CSc. ved\u00facim Katedry biol\u00f3gie na Fakulte pr\u00edrodn\u00fdch vied Univerzity sv. Cyrila a Metoda v Trnave, ktor\u00fd sa vo svojej odbornej kari\u00e9re venuje okrem in\u00e9ho aj evolu\u010dnej a molekul\u00e1rnej biol\u00f3gii.\" \/>\n<meta name=\"robots\" content=\"index, follow, max-snippet:-1, max-image-preview:large, max-video-preview:-1\" \/>\n<link rel=\"canonical\" href=\"https:\/\/oddeleniebiologie.sk\/en\/pozrite-si-vedatorsky-special-s-prof-rndr-jurajom-krajcovicom-csc-o-evolucii-a-nasej-dna\/\" \/>\n<meta property=\"og:locale\" content=\"en_US\" \/>\n<meta property=\"og:type\" content=\"article\" \/>\n<meta property=\"og:title\" content=\"Pozrite si ved\u00e1torsk\u00fd \u0161peci\u00e1l s prof. RNDr. Jurajom Kraj\u010dovi\u010dom, CSc. o evol\u00facii a na\u0161ej DNA - oddeleniebiologie.sk\" \/>\n<meta property=\"og:description\" content=\"Rozhovor s prof. RNDr. Jurajom Kraj\u010dovi\u010dom, CSc. ved\u00facim Katedry biol\u00f3gie na Fakulte pr\u00edrodn\u00fdch vied Univerzity sv. Cyrila a Metoda v Trnave, ktor\u00fd sa vo svojej odbornej kari\u00e9re venuje okrem in\u00e9ho aj evolu\u010dnej a molekul\u00e1rnej biol\u00f3gii.\" \/>\n<meta property=\"og:url\" content=\"https:\/\/oddeleniebiologie.sk\/en\/pozrite-si-vedatorsky-special-s-prof-rndr-jurajom-krajcovicom-csc-o-evolucii-a-nasej-dna\/\" \/>\n<meta property=\"og:site_name\" content=\"oddeleniebiologie.sk\" \/>\n<meta property=\"article:published_time\" content=\"2021-09-29T08:37:21+00:00\" \/>\n<meta property=\"article:modified_time\" content=\"2021-09-29T08:38:16+00:00\" \/>\n<meta property=\"og:image\" content=\"https:\/\/oddeleniebiologie.sk\/wp-content\/uploads\/2021\/09\/Bez-nazvu.jpg\" \/>\n\t<meta property=\"og:image:width\" content=\"1174\" \/>\n\t<meta property=\"og:image:height\" content=\"434\" \/>\n\t<meta property=\"og:image:type\" content=\"image\/jpeg\" \/>\n<meta name=\"author\" content=\"miroslava.hlebova\" \/>\n<meta name=\"twitter:card\" content=\"summary_large_image\" \/>\n<meta name=\"twitter:label1\" content=\"Written by\" \/>\n\t<meta name=\"twitter:data1\" content=\"miroslava.hlebova\" \/>\n\t<meta name=\"twitter:label2\" content=\"Est. reading time\" \/>\n\t<meta name=\"twitter:data2\" content=\"1 minute\" \/>\n<script type=\"application\/ld+json\" class=\"yoast-schema-graph\">{\"@context\":\"https:\\\/\\\/schema.org\",\"@graph\":[{\"@type\":\"Article\",\"@id\":\"https:\\\/\\\/oddeleniebiologie.sk\\\/pozrite-si-vedatorsky-special-s-prof-rndr-jurajom-krajcovicom-csc-o-evolucii-a-nasej-dna\\\/#article\",\"isPartOf\":{\"@id\":\"https:\\\/\\\/oddeleniebiologie.sk\\\/pozrite-si-vedatorsky-special-s-prof-rndr-jurajom-krajcovicom-csc-o-evolucii-a-nasej-dna\\\/\"},\"author\":{\"name\":\"miroslava.hlebova\",\"@id\":\"https:\\\/\\\/oddeleniebiologie.sk\\\/#\\\/schema\\\/person\\\/6a0eb58da8fec753d78cfd094beced3e\"},\"headline\":\"Pozrite si ved\u00e1torsk\u00fd \u0161peci\u00e1l s prof. RNDr. Jurajom Kraj\u010dovi\u010dom, CSc. o evol\u00facii a na\u0161ej DNA\",\"datePublished\":\"2021-09-29T08:37:21+00:00\",\"dateModified\":\"2021-09-29T08:38:16+00:00\",\"mainEntityOfPage\":{\"@id\":\"https:\\\/\\\/oddeleniebiologie.sk\\\/pozrite-si-vedatorsky-special-s-prof-rndr-jurajom-krajcovicom-csc-o-evolucii-a-nasej-dna\\\/\"},\"wordCount\":123,\"commentCount\":0,\"publisher\":{\"@id\":\"https:\\\/\\\/oddeleniebiologie.sk\\\/#organization\"},\"image\":{\"@id\":\"https:\\\/\\\/oddeleniebiologie.sk\\\/pozrite-si-vedatorsky-special-s-prof-rndr-jurajom-krajcovicom-csc-o-evolucii-a-nasej-dna\\\/#primaryimage\"},\"thumbnailUrl\":\"https:\\\/\\\/oddeleniebiologie.sk\\\/wp-content\\\/uploads\\\/2021\\\/09\\\/Bez-nazvu.jpg\",\"articleSection\":[\"Nezaraden\u00e9\"],\"inLanguage\":\"en-US\",\"potentialAction\":[{\"@type\":\"CommentAction\",\"name\":\"Comment\",\"target\":[\"https:\\\/\\\/oddeleniebiologie.sk\\\/pozrite-si-vedatorsky-special-s-prof-rndr-jurajom-krajcovicom-csc-o-evolucii-a-nasej-dna\\\/#respond\"]}]},{\"@type\":\"WebPage\",\"@id\":\"https:\\\/\\\/oddeleniebiologie.sk\\\/pozrite-si-vedatorsky-special-s-prof-rndr-jurajom-krajcovicom-csc-o-evolucii-a-nasej-dna\\\/\",\"url\":\"https:\\\/\\\/oddeleniebiologie.sk\\\/pozrite-si-vedatorsky-special-s-prof-rndr-jurajom-krajcovicom-csc-o-evolucii-a-nasej-dna\\\/\",\"name\":\"Pozrite si ved\u00e1torsk\u00fd \u0161peci\u00e1l s prof. RNDr. Jurajom Kraj\u010dovi\u010dom, CSc. o evol\u00facii a na\u0161ej DNA - oddeleniebiologie.sk\",\"isPartOf\":{\"@id\":\"https:\\\/\\\/oddeleniebiologie.sk\\\/#website\"},\"primaryImageOfPage\":{\"@id\":\"https:\\\/\\\/oddeleniebiologie.sk\\\/pozrite-si-vedatorsky-special-s-prof-rndr-jurajom-krajcovicom-csc-o-evolucii-a-nasej-dna\\\/#primaryimage\"},\"image\":{\"@id\":\"https:\\\/\\\/oddeleniebiologie.sk\\\/pozrite-si-vedatorsky-special-s-prof-rndr-jurajom-krajcovicom-csc-o-evolucii-a-nasej-dna\\\/#primaryimage\"},\"thumbnailUrl\":\"https:\\\/\\\/oddeleniebiologie.sk\\\/wp-content\\\/uploads\\\/2021\\\/09\\\/Bez-nazvu.jpg\",\"datePublished\":\"2021-09-29T08:37:21+00:00\",\"dateModified\":\"2021-09-29T08:38:16+00:00\",\"description\":\"Rozhovor s prof. RNDr. Jurajom Kraj\u010dovi\u010dom, CSc. ved\u00facim Katedry biol\u00f3gie na Fakulte pr\u00edrodn\u00fdch vied Univerzity sv. Cyrila a Metoda v Trnave, ktor\u00fd sa vo svojej odbornej kari\u00e9re venuje okrem in\u00e9ho aj evolu\u010dnej a molekul\u00e1rnej biol\u00f3gii.\",\"breadcrumb\":{\"@id\":\"https:\\\/\\\/oddeleniebiologie.sk\\\/pozrite-si-vedatorsky-special-s-prof-rndr-jurajom-krajcovicom-csc-o-evolucii-a-nasej-dna\\\/#breadcrumb\"},\"inLanguage\":\"en-US\",\"potentialAction\":[{\"@type\":\"ReadAction\",\"target\":[\"https:\\\/\\\/oddeleniebiologie.sk\\\/pozrite-si-vedatorsky-special-s-prof-rndr-jurajom-krajcovicom-csc-o-evolucii-a-nasej-dna\\\/\"]}]},{\"@type\":\"ImageObject\",\"inLanguage\":\"en-US\",\"@id\":\"https:\\\/\\\/oddeleniebiologie.sk\\\/pozrite-si-vedatorsky-special-s-prof-rndr-jurajom-krajcovicom-csc-o-evolucii-a-nasej-dna\\\/#primaryimage\",\"url\":\"https:\\\/\\\/oddeleniebiologie.sk\\\/wp-content\\\/uploads\\\/2021\\\/09\\\/Bez-nazvu.jpg\",\"contentUrl\":\"https:\\\/\\\/oddeleniebiologie.sk\\\/wp-content\\\/uploads\\\/2021\\\/09\\\/Bez-nazvu.jpg\",\"width\":1174,\"height\":434},{\"@type\":\"BreadcrumbList\",\"@id\":\"https:\\\/\\\/oddeleniebiologie.sk\\\/pozrite-si-vedatorsky-special-s-prof-rndr-jurajom-krajcovicom-csc-o-evolucii-a-nasej-dna\\\/#breadcrumb\",\"itemListElement\":[{\"@type\":\"ListItem\",\"position\":1,\"name\":\"Home\",\"item\":\"https:\\\/\\\/oddeleniebiologie.sk\\\/\"},{\"@type\":\"ListItem\",\"position\":2,\"name\":\"Pozrite si ved\u00e1torsk\u00fd \u0161peci\u00e1l s prof. RNDr. Jurajom Kraj\u010dovi\u010dom, CSc. o evol\u00facii a na\u0161ej DNA\"}]},{\"@type\":\"WebSite\",\"@id\":\"https:\\\/\\\/oddeleniebiologie.sk\\\/#website\",\"url\":\"https:\\\/\\\/oddeleniebiologie.sk\\\/\",\"name\":\"oddeleniebiologie.sk\",\"description\":\"Oddelenie biol\u00f3gie\",\"publisher\":{\"@id\":\"https:\\\/\\\/oddeleniebiologie.sk\\\/#organization\"},\"potentialAction\":[{\"@type\":\"SearchAction\",\"target\":{\"@type\":\"EntryPoint\",\"urlTemplate\":\"https:\\\/\\\/oddeleniebiologie.sk\\\/?s={search_term_string}\"},\"query-input\":{\"@type\":\"PropertyValueSpecification\",\"valueRequired\":true,\"valueName\":\"search_term_string\"}}],\"inLanguage\":\"en-US\"},{\"@type\":\"Organization\",\"@id\":\"https:\\\/\\\/oddeleniebiologie.sk\\\/#organization\",\"name\":\"oddeleniebiologie.sk\",\"url\":\"https:\\\/\\\/oddeleniebiologie.sk\\\/\",\"logo\":{\"@type\":\"ImageObject\",\"inLanguage\":\"en-US\",\"@id\":\"https:\\\/\\\/oddeleniebiologie.sk\\\/#\\\/schema\\\/logo\\\/image\\\/\",\"url\":\"https:\\\/\\\/oddeleniebiologie.sk\\\/wp-content\\\/uploads\\\/2023\\\/10\\\/cropped-Oddelenie-biologie.jpg\",\"contentUrl\":\"https:\\\/\\\/oddeleniebiologie.sk\\\/wp-content\\\/uploads\\\/2023\\\/10\\\/cropped-Oddelenie-biologie.jpg\",\"width\":454,\"height\":440,\"caption\":\"oddeleniebiologie.sk\"},\"image\":{\"@id\":\"https:\\\/\\\/oddeleniebiologie.sk\\\/#\\\/schema\\\/logo\\\/image\\\/\"}},{\"@type\":\"Person\",\"@id\":\"https:\\\/\\\/oddeleniebiologie.sk\\\/#\\\/schema\\\/person\\\/6a0eb58da8fec753d78cfd094beced3e\",\"name\":\"miroslava.hlebova\",\"image\":{\"@type\":\"ImageObject\",\"inLanguage\":\"en-US\",\"@id\":\"https:\\\/\\\/secure.gravatar.com\\\/avatar\\\/b8a4d5935cfefcc8c722a1a6c537955fd632261379a2d067bdf3a830305d65f8?s=96&d=mm&r=g\",\"url\":\"https:\\\/\\\/secure.gravatar.com\\\/avatar\\\/b8a4d5935cfefcc8c722a1a6c537955fd632261379a2d067bdf3a830305d65f8?s=96&d=mm&r=g\",\"contentUrl\":\"https:\\\/\\\/secure.gravatar.com\\\/avatar\\\/b8a4d5935cfefcc8c722a1a6c537955fd632261379a2d067bdf3a830305d65f8?s=96&d=mm&r=g\",\"caption\":\"miroslava.hlebova\"},\"sameAs\":[\"http:\\\/\\\/oddeleniebiologie.sk\"],\"url\":\"https:\\\/\\\/oddeleniebiologie.sk\\\/en\\\/author\\\/miroslava-hlebova\\\/\"}]}<\/script>\n<!-- \/ Yoast SEO plugin. -->","yoast_head_json":{"title":"Pozrite si ved\u00e1torsk\u00fd \u0161peci\u00e1l s prof. RNDr. Jurajom Kraj\u010dovi\u010dom, CSc. o evol\u00facii a na\u0161ej DNA - oddeleniebiologie.sk","description":"Rozhovor s prof. RNDr. Jurajom Kraj\u010dovi\u010dom, CSc. ved\u00facim Katedry biol\u00f3gie na Fakulte pr\u00edrodn\u00fdch vied Univerzity sv. Cyrila a Metoda v Trnave, ktor\u00fd sa vo svojej odbornej kari\u00e9re venuje okrem in\u00e9ho aj evolu\u010dnej a molekul\u00e1rnej biol\u00f3gii.","robots":{"index":"index","follow":"follow","max-snippet":"max-snippet:-1","max-image-preview":"max-image-preview:large","max-video-preview":"max-video-preview:-1"},"canonical":"https:\/\/oddeleniebiologie.sk\/en\/pozrite-si-vedatorsky-special-s-prof-rndr-jurajom-krajcovicom-csc-o-evolucii-a-nasej-dna\/","og_locale":"en_US","og_type":"article","og_title":"Pozrite si ved\u00e1torsk\u00fd \u0161peci\u00e1l s prof. RNDr. Jurajom Kraj\u010dovi\u010dom, CSc. o evol\u00facii a na\u0161ej DNA - oddeleniebiologie.sk","og_description":"Rozhovor s prof. RNDr. Jurajom Kraj\u010dovi\u010dom, CSc. ved\u00facim Katedry biol\u00f3gie na Fakulte pr\u00edrodn\u00fdch vied Univerzity sv. Cyrila a Metoda v Trnave, ktor\u00fd sa vo svojej odbornej kari\u00e9re venuje okrem in\u00e9ho aj evolu\u010dnej a molekul\u00e1rnej biol\u00f3gii.","og_url":"https:\/\/oddeleniebiologie.sk\/en\/pozrite-si-vedatorsky-special-s-prof-rndr-jurajom-krajcovicom-csc-o-evolucii-a-nasej-dna\/","og_site_name":"oddeleniebiologie.sk","article_published_time":"2021-09-29T08:37:21+00:00","article_modified_time":"2021-09-29T08:38:16+00:00","og_image":[{"width":1174,"height":434,"url":"https:\/\/oddeleniebiologie.sk\/wp-content\/uploads\/2021\/09\/Bez-nazvu.jpg","type":"image\/jpeg"}],"author":"miroslava.hlebova","twitter_card":"summary_large_image","twitter_misc":{"Written by":"miroslava.hlebova","Est. reading time":"1 minute"},"schema":{"@context":"https:\/\/schema.org","@graph":[{"@type":"Article","@id":"https:\/\/oddeleniebiologie.sk\/pozrite-si-vedatorsky-special-s-prof-rndr-jurajom-krajcovicom-csc-o-evolucii-a-nasej-dna\/#article","isPartOf":{"@id":"https:\/\/oddeleniebiologie.sk\/pozrite-si-vedatorsky-special-s-prof-rndr-jurajom-krajcovicom-csc-o-evolucii-a-nasej-dna\/"},"author":{"name":"miroslava.hlebova","@id":"https:\/\/oddeleniebiologie.sk\/#\/schema\/person\/6a0eb58da8fec753d78cfd094beced3e"},"headline":"Pozrite si ved\u00e1torsk\u00fd \u0161peci\u00e1l s prof. RNDr. Jurajom Kraj\u010dovi\u010dom, CSc. o evol\u00facii a na\u0161ej DNA","datePublished":"2021-09-29T08:37:21+00:00","dateModified":"2021-09-29T08:38:16+00:00","mainEntityOfPage":{"@id":"https:\/\/oddeleniebiologie.sk\/pozrite-si-vedatorsky-special-s-prof-rndr-jurajom-krajcovicom-csc-o-evolucii-a-nasej-dna\/"},"wordCount":123,"commentCount":0,"publisher":{"@id":"https:\/\/oddeleniebiologie.sk\/#organization"},"image":{"@id":"https:\/\/oddeleniebiologie.sk\/pozrite-si-vedatorsky-special-s-prof-rndr-jurajom-krajcovicom-csc-o-evolucii-a-nasej-dna\/#primaryimage"},"thumbnailUrl":"https:\/\/oddeleniebiologie.sk\/wp-content\/uploads\/2021\/09\/Bez-nazvu.jpg","articleSection":["Nezaraden\u00e9"],"inLanguage":"en-US","potentialAction":[{"@type":"CommentAction","name":"Comment","target":["https:\/\/oddeleniebiologie.sk\/pozrite-si-vedatorsky-special-s-prof-rndr-jurajom-krajcovicom-csc-o-evolucii-a-nasej-dna\/#respond"]}]},{"@type":"WebPage","@id":"https:\/\/oddeleniebiologie.sk\/pozrite-si-vedatorsky-special-s-prof-rndr-jurajom-krajcovicom-csc-o-evolucii-a-nasej-dna\/","url":"https:\/\/oddeleniebiologie.sk\/pozrite-si-vedatorsky-special-s-prof-rndr-jurajom-krajcovicom-csc-o-evolucii-a-nasej-dna\/","name":"Pozrite si ved\u00e1torsk\u00fd \u0161peci\u00e1l s prof. RNDr. Jurajom Kraj\u010dovi\u010dom, CSc. o evol\u00facii a na\u0161ej DNA - oddeleniebiologie.sk","isPartOf":{"@id":"https:\/\/oddeleniebiologie.sk\/#website"},"primaryImageOfPage":{"@id":"https:\/\/oddeleniebiologie.sk\/pozrite-si-vedatorsky-special-s-prof-rndr-jurajom-krajcovicom-csc-o-evolucii-a-nasej-dna\/#primaryimage"},"image":{"@id":"https:\/\/oddeleniebiologie.sk\/pozrite-si-vedatorsky-special-s-prof-rndr-jurajom-krajcovicom-csc-o-evolucii-a-nasej-dna\/#primaryimage"},"thumbnailUrl":"https:\/\/oddeleniebiologie.sk\/wp-content\/uploads\/2021\/09\/Bez-nazvu.jpg","datePublished":"2021-09-29T08:37:21+00:00","dateModified":"2021-09-29T08:38:16+00:00","description":"Rozhovor s prof. RNDr. Jurajom Kraj\u010dovi\u010dom, CSc. ved\u00facim Katedry biol\u00f3gie na Fakulte pr\u00edrodn\u00fdch vied Univerzity sv. Cyrila a Metoda v Trnave, ktor\u00fd sa vo svojej odbornej kari\u00e9re venuje okrem in\u00e9ho aj evolu\u010dnej a molekul\u00e1rnej biol\u00f3gii.","breadcrumb":{"@id":"https:\/\/oddeleniebiologie.sk\/pozrite-si-vedatorsky-special-s-prof-rndr-jurajom-krajcovicom-csc-o-evolucii-a-nasej-dna\/#breadcrumb"},"inLanguage":"en-US","potentialAction":[{"@type":"ReadAction","target":["https:\/\/oddeleniebiologie.sk\/pozrite-si-vedatorsky-special-s-prof-rndr-jurajom-krajcovicom-csc-o-evolucii-a-nasej-dna\/"]}]},{"@type":"ImageObject","inLanguage":"en-US","@id":"https:\/\/oddeleniebiologie.sk\/pozrite-si-vedatorsky-special-s-prof-rndr-jurajom-krajcovicom-csc-o-evolucii-a-nasej-dna\/#primaryimage","url":"https:\/\/oddeleniebiologie.sk\/wp-content\/uploads\/2021\/09\/Bez-nazvu.jpg","contentUrl":"https:\/\/oddeleniebiologie.sk\/wp-content\/uploads\/2021\/09\/Bez-nazvu.jpg","width":1174,"height":434},{"@type":"BreadcrumbList","@id":"https:\/\/oddeleniebiologie.sk\/pozrite-si-vedatorsky-special-s-prof-rndr-jurajom-krajcovicom-csc-o-evolucii-a-nasej-dna\/#breadcrumb","itemListElement":[{"@type":"ListItem","position":1,"name":"Home","item":"https:\/\/oddeleniebiologie.sk\/"},{"@type":"ListItem","position":2,"name":"Pozrite si ved\u00e1torsk\u00fd \u0161peci\u00e1l s prof. RNDr. Jurajom Kraj\u010dovi\u010dom, CSc. o evol\u00facii a na\u0161ej DNA"}]},{"@type":"WebSite","@id":"https:\/\/oddeleniebiologie.sk\/#website","url":"https:\/\/oddeleniebiologie.sk\/","name":"oddeleniebiologie.sk","description":"Oddelenie biol\u00f3gie","publisher":{"@id":"https:\/\/oddeleniebiologie.sk\/#organization"},"potentialAction":[{"@type":"SearchAction","target":{"@type":"EntryPoint","urlTemplate":"https:\/\/oddeleniebiologie.sk\/?s={search_term_string}"},"query-input":{"@type":"PropertyValueSpecification","valueRequired":true,"valueName":"search_term_string"}}],"inLanguage":"en-US"},{"@type":"Organization","@id":"https:\/\/oddeleniebiologie.sk\/#organization","name":"oddeleniebiologie.sk","url":"https:\/\/oddeleniebiologie.sk\/","logo":{"@type":"ImageObject","inLanguage":"en-US","@id":"https:\/\/oddeleniebiologie.sk\/#\/schema\/logo\/image\/","url":"https:\/\/oddeleniebiologie.sk\/wp-content\/uploads\/2023\/10\/cropped-Oddelenie-biologie.jpg","contentUrl":"https:\/\/oddeleniebiologie.sk\/wp-content\/uploads\/2023\/10\/cropped-Oddelenie-biologie.jpg","width":454,"height":440,"caption":"oddeleniebiologie.sk"},"image":{"@id":"https:\/\/oddeleniebiologie.sk\/#\/schema\/logo\/image\/"}},{"@type":"Person","@id":"https:\/\/oddeleniebiologie.sk\/#\/schema\/person\/6a0eb58da8fec753d78cfd094beced3e","name":"miroslava.hlebova","image":{"@type":"ImageObject","inLanguage":"en-US","@id":"https:\/\/secure.gravatar.com\/avatar\/b8a4d5935cfefcc8c722a1a6c537955fd632261379a2d067bdf3a830305d65f8?s=96&d=mm&r=g","url":"https:\/\/secure.gravatar.com\/avatar\/b8a4d5935cfefcc8c722a1a6c537955fd632261379a2d067bdf3a830305d65f8?s=96&d=mm&r=g","contentUrl":"https:\/\/secure.gravatar.com\/avatar\/b8a4d5935cfefcc8c722a1a6c537955fd632261379a2d067bdf3a830305d65f8?s=96&d=mm&r=g","caption":"miroslava.hlebova"},"sameAs":["http:\/\/oddeleniebiologie.sk"],"url":"https:\/\/oddeleniebiologie.sk\/en\/author\/miroslava-hlebova\/"}]}},"_links":{"self":[{"href":"https:\/\/oddeleniebiologie.sk\/en\/wp-json\/wp\/v2\/posts\/2725","targetHints":{"allow":["GET"]}}],"collection":[{"href":"https:\/\/oddeleniebiologie.sk\/en\/wp-json\/wp\/v2\/posts"}],"about":[{"href":"https:\/\/oddeleniebiologie.sk\/en\/wp-json\/wp\/v2\/types\/post"}],"author":[{"embeddable":true,"href":"https:\/\/oddeleniebiologie.sk\/en\/wp-json\/wp\/v2\/users\/1"}],"replies":[{"embeddable":true,"href":"https:\/\/oddeleniebiologie.sk\/en\/wp-json\/wp\/v2\/comments?post=2725"}],"version-history":[{"count":2,"href":"https:\/\/oddeleniebiologie.sk\/en\/wp-json\/wp\/v2\/posts\/2725\/revisions"}],"predecessor-version":[{"id":2727,"href":"https:\/\/oddeleniebiologie.sk\/en\/wp-json\/wp\/v2\/posts\/2725\/revisions\/2727"}],"wp:featuredmedia":[{"embeddable":true,"href":"https:\/\/oddeleniebiologie.sk\/en\/wp-json\/wp\/v2\/media\/2719"}],"wp:attachment":[{"href":"https:\/\/oddeleniebiologie.sk\/en\/wp-json\/wp\/v2\/media?parent=2725"}],"wp:term":[{"taxonomy":"category","embeddable":true,"href":"https:\/\/oddeleniebiologie.sk\/en\/wp-json\/wp\/v2\/categories?post=2725"},{"taxonomy":"post_tag","embeddable":true,"href":"https:\/\/oddeleniebiologie.sk\/en\/wp-json\/wp\/v2\/tags?post=2725"}],"curies":[{"name":"wp","href":"https:\/\/api.w.org\/{rel}","templated":true}]}}