{"id":2826,"date":"2022-02-23T10:36:00","date_gmt":"2022-02-23T09:36:00","guid":{"rendered":"https:\/\/katedrabiologie.sk\/?p=2826"},"modified":"2022-02-24T16:17:26","modified_gmt":"2022-02-24T15:17:26","slug":"studentska-vedecka-konferencia-aplikovane-prirodne-vedy-2022","status":"publish","type":"post","link":"https:\/\/oddeleniebiologie.sk\/en\/studentska-vedecka-konferencia-aplikovane-prirodne-vedy-2022\/","title":{"rendered":"\u0160tudentsk\u00e1 vedeck\u00e1 konferencia Aplikovan\u00e9 pr\u00edrodn\u00e9 vedy 2022"},"content":{"rendered":"<h3 class=\"has-text-align-center wp-block-heading\"><span class=\"has-inline-color has-black-color\">Fakulta pr\u00edrodn\u00fdch vied UCM poz\u00fdva \u0161tudentov 1.,2.,3. stup\u0148a vysoko\u0161kolsk\u00e9ho \u0161t\u00fadia na<\/span><\/h3>\n\n\n\n<h3 class=\"has-text-align-center wp-block-heading\"><span class=\"has-inline-color has-black-color\">Celoslovensk\u00fa \u0161tudentsk\u00fa vedeck\u00fa konferenciu <\/span><\/h3>\n\n\n\n<h3 class=\"has-text-align-center wp-block-heading\" style=\"font-size:25px\"><span class=\"has-inline-color has-light-green-cyan-color\">Aplikovan\u00e9 pr\u00edrodn\u00e9 vedy<\/span><\/h3>\n\n\n\n<h4 class=\"wp-block-heading\"><span class=\"has-inline-color has-black-color\">TERM\u00cdN KONANIA:<strong>&nbsp;<\/strong><\/span><strong><span class=\"has-inline-color has-black-color\">13. apr\u00edl 2022<\/span> <\/strong><\/h4>\n\n\n\n<p><span class=\"has-inline-color has-black-color\">Cie\u013eom \u0161tudentskej vedeckej konferencie je da\u0165 mo\u017enos\u0165 \u0161tudentom vysoko\u0161kolsk\u00e9ho \u0161t\u00fadia prezentova\u0165 svoje vedeck\u00e9 experiment\u00e1lne a\/alebo teoretick\u00e9 v\u00fdsledky z\u00edskan\u00e9 v r\u00e1mci pr\u00edpravy bakal\u00e1rskych, semestr\u00e1lnych a magistersk\u00fdch pr\u00e1c, a t\u00fdm im poskytn\u00fa\u0165 priestor pre vz\u00e1jomn\u00fa komunik\u00e1ciu a z\u00edskavanie nov\u00fdch inform\u00e1ci\u00ed po\u010das odborn\u00fdch diskusi\u00ed. V r\u00e1mci konferencie prebieha aj s\u00fa\u0165a\u017e s ocenen\u00edm najlep\u0161\u00edch prezentovan\u00fdch pr\u00e1c.<br><\/span><\/p>\n\n\n\n<p class=\"has-normal-font-size\"><span class=\"has-inline-color has-light-green-cyan-color\"><strong>Z\u00c1KLADN\u00c9 INFORM\u00c1CIE<\/strong><\/span><\/p>\n\n\n\n<p class=\"has-normal-font-size\"><span class=\"has-inline-color has-black-color\"><strong>Organiza\u010dn\u00fd garant konferencie:<\/strong>&nbsp;Ing. Eva&nbsp;\u00dcrgeov\u00e1, PhD.,&nbsp;<a href=\"mailto:eva.urgeova@ucm.sk\">eva.urgeova@ucm.sk<\/a>, tel. \u010d.: 033\/55 65&nbsp;338<\/span><\/p>\n\n\n\n<p class=\"has-normal-font-size\"><span class=\"has-inline-color has-black-color\"><strong>Sekcie<\/strong>:<br>1. <em>Aplikovan\u00e1 ch\u00e9mia a environment\u00e1lna ch\u00e9mia<\/em><br>organiza\u010dn\u00fd garant sekcie: RNDr. Zita Tok\u00e1rov\u00e1, PhD. (<a href=\"mailto:zita.tokarova@ucm.sk\">zita.tokarova@ucm.sk<\/a>)<\/span><\/p>\n\n\n\n<p><span class=\"has-inline-color has-black-color\">2. <em>Aplikovan\u00e1 biol\u00f3gia a biotechnol\u00f3gie<\/em><br>organiza\u010dn\u00fd garant sekcie: doc. Mgr. Daniel Mih\u00e1lik, PhD. (<a href=\"mailto:daniel.mihalik@ucm.sk\">daniel.mihalik@ucm.sk<\/a>)<\/span><\/p>\n\n\n\n<p><span class=\"has-inline-color has-black-color\">3. <em>Aplikovanie informa\u010dn\u00fdch a komunika\u010dn\u00fdch technol\u00f3gi\u00ed<\/em><br>organiza\u010dn\u00fd garant sekcie: Ing. Jana Jurinov\u00e1, PhD. (<a href=\"mailto:jana.jurinova@ucm.sk\">jana.jurinova@ucm.sk<\/a>)<\/span><\/p>\n\n\n\n<p><span class=\"has-inline-color has-black-color\">4. <em>Sekcia \u0161tudentov doktorandsk\u00e9ho \u0161t\u00fadia<\/em><br>organiza\u010dn\u00fd garant sekcie: Ing. Eva \u00dcrgeov\u00e1, PhD. (<a href=\"mailto:eva.urgeova@ucm.sk\">eva.urgeova@ucm.sk<\/a>)<\/span><\/p>\n\n\n\n<p class=\"has-normal-font-size\"><strong><span class=\"has-inline-color has-light-green-cyan-color\">ORGANIZA\u010cN\u00c9 POKYNY<\/span><\/strong><\/p>\n\n\n\n<p><span class=\"has-inline-color has-black-color\"><strong>Miesto konania:<\/strong>&nbsp;budova UCM, N\u00e1m J. Herdu 2, Trnava<br>(v pr\u00edpade nepriaznivej epidemiologickej situ\u00e1cie online)<\/span><\/p>\n\n\n\n<p><span class=\"has-inline-color has-black-color\"><strong>Registr\u00e1cia:\u00a0do 4. apr\u00edla 2022<\/strong><\/span><\/p>\n\n\n\n<p><span class=\"has-inline-color has-black-color\"><strong>Prezent\u00e1cia pr\u00e1c:&nbsp;<\/strong>10 min + 5 min odborn\u00e1 diskusia<\/span><\/p>\n\n\n\n<p><span class=\"has-inline-color has-black-color\"><strong>Prezenta\u010dn\u00e1 technika:&nbsp;<\/strong>dataprojektor<\/span><\/p>\n\n\n\n<p><span class=\"has-inline-color has-black-color\"><strong>Rokovac\u00ed jazyk:<\/strong><em> Sekcia 1 \u2013 3:<\/em>&nbsp;slovensk\u00fd, \u010desk\u00fd alebo anglick\u00fd,&nbsp;<em>Sekcia 4:<\/em>&nbsp;anglick\u00fd<\/span><\/p>\n\n\n\n<p><span class=\"has-inline-color has-black-color\"><strong>Odovzdanie pr\u00edspevkov:<\/strong>&nbsp;do 4. apr\u00edla 2022, v rozsahu 4 &#8211; 5 str\u00e1n,&nbsp;<a href=\"mailto:martin.valica@ucm.sk\" target=\"_blank\" rel=\"noreferrer noopener\">martin.valica@ucm.sk<\/a><\/span><br><\/p>\n\n\n\n<p><strong><span class=\"has-inline-color has-black-color\">Predbe\u017en\u00fd program konferencie:<\/span><\/strong><\/p>\n\n\n\n<figure class=\"wp-block-table\"><table><tbody><tr><td><span class=\"has-inline-color has-black-color\">8:30 &#8211; 9:00<\/span><\/td><td><span class=\"has-inline-color has-black-color\">otvorenie konferencie<\/span><\/td><\/tr><tr><td><span class=\"has-inline-color has-black-color\">9:15 &#8211; 12:00<\/span><\/td><td><span class=\"has-inline-color has-black-color\">rokovanie v sekci\u00e1ch<\/span><\/td><\/tr><tr><td><span class=\"has-inline-color has-black-color\">12:00 &#8211; 13:00<\/span><\/td><td><span class=\"has-inline-color has-black-color\">obed\u0148aj\u0161ia prest\u00e1vka<\/span><\/td><\/tr><tr><td><span class=\"has-inline-color has-black-color\">13:30<\/span><\/td><td><span class=\"has-inline-color has-black-color\">vyhl\u00e1senie v\u00fdsledkov konferencie<\/span><\/td><\/tr><\/tbody><\/table><\/figure>\n\n\n\n<p><span class=\"has-inline-color has-black-color\">Prihl\u00e1\u0161ku na \u0160VK APV 2022 n\u00e1jdete <a href=\"https:\/\/oddeleniebiologie.sk\/wp-content\/uploads\/2022\/02\/Prihlaska_SVK_APV_2022.doc\">TU<\/a><\/span><\/p>","protected":false},"excerpt":{"rendered":"<p>Fakulta pr\u00edrodn\u00fdch vied UCM poz\u00fdva \u0161tudentov 1.,2.,3. stup\u0148a vysoko\u0161kolsk\u00e9ho \u0161t\u00fadia na Celoslovensk\u00fa \u0161tudentsk\u00fa vedeck\u00fa konferenciu Aplikovan\u00e9 pr\u00edrodn\u00e9 vedy TERM\u00cdN KONANIA:&nbsp;13. apr\u00edl 2022 Cie\u013eom \u0161tudentskej vedeckej konferencie je da\u0165 mo\u017enos\u0165 \u0161tudentom vysoko\u0161kolsk\u00e9ho \u0161t\u00fadia prezentova\u0165 svoje vedeck\u00e9 experiment\u00e1lne a\/alebo teoretick\u00e9 v\u00fdsledky z\u00edskan\u00e9 v r\u00e1mci pr\u00edpravy bakal\u00e1rskych, semestr\u00e1lnych a magistersk\u00fdch pr\u00e1c, a t\u00fdm im poskytn\u00fa\u0165 priestor pre vz\u00e1jomn\u00fa&hellip; <br \/> <a class=\"read-more\" href=\"https:\/\/oddeleniebiologie.sk\/en\/studentska-vedecka-konferencia-aplikovane-prirodne-vedy-2022\/\">Read more<\/a><\/p>","protected":false},"author":1,"featured_media":2987,"comment_status":"open","ping_status":"open","sticky":false,"template":"","format":"standard","meta":{"_monsterinsights_skip_tracking":false,"_monsterinsights_sitenote_active":false,"_monsterinsights_sitenote_note":"","_monsterinsights_sitenote_category":0,"ngg_post_thumbnail":0,"footnotes":""},"categories":[5],"tags":[],"class_list":["post-2826","post","type-post","status-publish","format-standard","has-post-thumbnail","hentry","category-dolezite-oznamy"],"yoast_head":"<!-- This site is optimized with the Yoast SEO plugin v27.5 - https:\/\/yoast.com\/product\/yoast-seo-wordpress\/ -->\n<title>\u0160tudentsk\u00e1 vedeck\u00e1 konferencia Aplikovan\u00e9 pr\u00edrodn\u00e9 vedy 2022 - oddeleniebiologie.sk<\/title>\n<meta name=\"robots\" content=\"index, follow, max-snippet:-1, max-image-preview:large, max-video-preview:-1\" \/>\n<link rel=\"canonical\" href=\"https:\/\/oddeleniebiologie.sk\/en\/studentska-vedecka-konferencia-aplikovane-prirodne-vedy-2022\/\" \/>\n<meta property=\"og:locale\" content=\"en_US\" \/>\n<meta property=\"og:type\" content=\"article\" \/>\n<meta property=\"og:title\" content=\"\u0160tudentsk\u00e1 vedeck\u00e1 konferencia Aplikovan\u00e9 pr\u00edrodn\u00e9 vedy 2022 - oddeleniebiologie.sk\" \/>\n<meta property=\"og:description\" content=\"Fakulta pr\u00edrodn\u00fdch vied UCM poz\u00fdva \u0161tudentov 1.,2.,3. stup\u0148a vysoko\u0161kolsk\u00e9ho \u0161t\u00fadia na Celoslovensk\u00fa \u0161tudentsk\u00fa vedeck\u00fa konferenciu Aplikovan\u00e9 pr\u00edrodn\u00e9 vedy TERM\u00cdN KONANIA:&nbsp;13. apr\u00edl 2022 Cie\u013eom \u0161tudentskej vedeckej konferencie je da\u0165 mo\u017enos\u0165 \u0161tudentom vysoko\u0161kolsk\u00e9ho \u0161t\u00fadia prezentova\u0165 svoje vedeck\u00e9 experiment\u00e1lne a\/alebo teoretick\u00e9 v\u00fdsledky z\u00edskan\u00e9 v r\u00e1mci pr\u00edpravy bakal\u00e1rskych, semestr\u00e1lnych a magistersk\u00fdch pr\u00e1c, a t\u00fdm im poskytn\u00fa\u0165 priestor pre vz\u00e1jomn\u00fa&hellip; Read more\" \/>\n<meta property=\"og:url\" content=\"https:\/\/oddeleniebiologie.sk\/en\/studentska-vedecka-konferencia-aplikovane-prirodne-vedy-2022\/\" \/>\n<meta property=\"og:site_name\" content=\"oddeleniebiologie.sk\" \/>\n<meta property=\"article:published_time\" content=\"2022-02-23T09:36:00+00:00\" \/>\n<meta property=\"article:modified_time\" content=\"2022-02-24T15:17:26+00:00\" \/>\n<meta property=\"og:image\" content=\"https:\/\/oddeleniebiologie.sk\/wp-content\/uploads\/2022\/02\/job-gf3d3d9d2f_1280-e1644755689843.jpg\" \/>\n\t<meta property=\"og:image:width\" content=\"1195\" \/>\n\t<meta property=\"og:image:height\" content=\"720\" \/>\n\t<meta property=\"og:image:type\" content=\"image\/jpeg\" \/>\n<meta name=\"author\" content=\"miroslava.hlebova\" \/>\n<meta name=\"twitter:card\" content=\"summary_large_image\" \/>\n<meta name=\"twitter:label1\" content=\"Written by\" \/>\n\t<meta name=\"twitter:data1\" content=\"miroslava.hlebova\" \/>\n\t<meta name=\"twitter:label2\" content=\"Est. reading time\" \/>\n\t<meta name=\"twitter:data2\" content=\"2 minutes\" \/>\n<script type=\"application\/ld+json\" class=\"yoast-schema-graph\">{\"@context\":\"https:\\\/\\\/schema.org\",\"@graph\":[{\"@type\":\"Article\",\"@id\":\"https:\\\/\\\/oddeleniebiologie.sk\\\/studentska-vedecka-konferencia-aplikovane-prirodne-vedy-2022\\\/#article\",\"isPartOf\":{\"@id\":\"https:\\\/\\\/oddeleniebiologie.sk\\\/studentska-vedecka-konferencia-aplikovane-prirodne-vedy-2022\\\/\"},\"author\":{\"name\":\"miroslava.hlebova\",\"@id\":\"https:\\\/\\\/oddeleniebiologie.sk\\\/#\\\/schema\\\/person\\\/6a0eb58da8fec753d78cfd094beced3e\"},\"headline\":\"\u0160tudentsk\u00e1 vedeck\u00e1 konferencia Aplikovan\u00e9 pr\u00edrodn\u00e9 vedy 2022\",\"datePublished\":\"2022-02-23T09:36:00+00:00\",\"dateModified\":\"2022-02-24T15:17:26+00:00\",\"mainEntityOfPage\":{\"@id\":\"https:\\\/\\\/oddeleniebiologie.sk\\\/studentska-vedecka-konferencia-aplikovane-prirodne-vedy-2022\\\/\"},\"wordCount\":322,\"commentCount\":0,\"publisher\":{\"@id\":\"https:\\\/\\\/oddeleniebiologie.sk\\\/#organization\"},\"image\":{\"@id\":\"https:\\\/\\\/oddeleniebiologie.sk\\\/studentska-vedecka-konferencia-aplikovane-prirodne-vedy-2022\\\/#primaryimage\"},\"thumbnailUrl\":\"https:\\\/\\\/oddeleniebiologie.sk\\\/wp-content\\\/uploads\\\/2022\\\/02\\\/job-gf3d3d9d2f_1280-e1644755689843.jpg\",\"articleSection\":[\"D\u00f4le\u017eit\u00e9 oznamy\"],\"inLanguage\":\"en-US\",\"potentialAction\":[{\"@type\":\"CommentAction\",\"name\":\"Comment\",\"target\":[\"https:\\\/\\\/oddeleniebiologie.sk\\\/studentska-vedecka-konferencia-aplikovane-prirodne-vedy-2022\\\/#respond\"]}]},{\"@type\":\"WebPage\",\"@id\":\"https:\\\/\\\/oddeleniebiologie.sk\\\/studentska-vedecka-konferencia-aplikovane-prirodne-vedy-2022\\\/\",\"url\":\"https:\\\/\\\/oddeleniebiologie.sk\\\/studentska-vedecka-konferencia-aplikovane-prirodne-vedy-2022\\\/\",\"name\":\"\u0160tudentsk\u00e1 vedeck\u00e1 konferencia Aplikovan\u00e9 pr\u00edrodn\u00e9 vedy 2022 - oddeleniebiologie.sk\",\"isPartOf\":{\"@id\":\"https:\\\/\\\/oddeleniebiologie.sk\\\/#website\"},\"primaryImageOfPage\":{\"@id\":\"https:\\\/\\\/oddeleniebiologie.sk\\\/studentska-vedecka-konferencia-aplikovane-prirodne-vedy-2022\\\/#primaryimage\"},\"image\":{\"@id\":\"https:\\\/\\\/oddeleniebiologie.sk\\\/studentska-vedecka-konferencia-aplikovane-prirodne-vedy-2022\\\/#primaryimage\"},\"thumbnailUrl\":\"https:\\\/\\\/oddeleniebiologie.sk\\\/wp-content\\\/uploads\\\/2022\\\/02\\\/job-gf3d3d9d2f_1280-e1644755689843.jpg\",\"datePublished\":\"2022-02-23T09:36:00+00:00\",\"dateModified\":\"2022-02-24T15:17:26+00:00\",\"breadcrumb\":{\"@id\":\"https:\\\/\\\/oddeleniebiologie.sk\\\/studentska-vedecka-konferencia-aplikovane-prirodne-vedy-2022\\\/#breadcrumb\"},\"inLanguage\":\"en-US\",\"potentialAction\":[{\"@type\":\"ReadAction\",\"target\":[\"https:\\\/\\\/oddeleniebiologie.sk\\\/studentska-vedecka-konferencia-aplikovane-prirodne-vedy-2022\\\/\"]}]},{\"@type\":\"ImageObject\",\"inLanguage\":\"en-US\",\"@id\":\"https:\\\/\\\/oddeleniebiologie.sk\\\/studentska-vedecka-konferencia-aplikovane-prirodne-vedy-2022\\\/#primaryimage\",\"url\":\"https:\\\/\\\/oddeleniebiologie.sk\\\/wp-content\\\/uploads\\\/2022\\\/02\\\/job-gf3d3d9d2f_1280-e1644755689843.jpg\",\"contentUrl\":\"https:\\\/\\\/oddeleniebiologie.sk\\\/wp-content\\\/uploads\\\/2022\\\/02\\\/job-gf3d3d9d2f_1280-e1644755689843.jpg\",\"width\":1195,\"height\":720},{\"@type\":\"BreadcrumbList\",\"@id\":\"https:\\\/\\\/oddeleniebiologie.sk\\\/studentska-vedecka-konferencia-aplikovane-prirodne-vedy-2022\\\/#breadcrumb\",\"itemListElement\":[{\"@type\":\"ListItem\",\"position\":1,\"name\":\"Home\",\"item\":\"https:\\\/\\\/oddeleniebiologie.sk\\\/\"},{\"@type\":\"ListItem\",\"position\":2,\"name\":\"\u0160tudentsk\u00e1 vedeck\u00e1 konferencia Aplikovan\u00e9 pr\u00edrodn\u00e9 vedy 2022\"}]},{\"@type\":\"WebSite\",\"@id\":\"https:\\\/\\\/oddeleniebiologie.sk\\\/#website\",\"url\":\"https:\\\/\\\/oddeleniebiologie.sk\\\/\",\"name\":\"oddeleniebiologie.sk\",\"description\":\"Oddelenie biol\u00f3gie\",\"publisher\":{\"@id\":\"https:\\\/\\\/oddeleniebiologie.sk\\\/#organization\"},\"potentialAction\":[{\"@type\":\"SearchAction\",\"target\":{\"@type\":\"EntryPoint\",\"urlTemplate\":\"https:\\\/\\\/oddeleniebiologie.sk\\\/?s={search_term_string}\"},\"query-input\":{\"@type\":\"PropertyValueSpecification\",\"valueRequired\":true,\"valueName\":\"search_term_string\"}}],\"inLanguage\":\"en-US\"},{\"@type\":\"Organization\",\"@id\":\"https:\\\/\\\/oddeleniebiologie.sk\\\/#organization\",\"name\":\"oddeleniebiologie.sk\",\"url\":\"https:\\\/\\\/oddeleniebiologie.sk\\\/\",\"logo\":{\"@type\":\"ImageObject\",\"inLanguage\":\"en-US\",\"@id\":\"https:\\\/\\\/oddeleniebiologie.sk\\\/#\\\/schema\\\/logo\\\/image\\\/\",\"url\":\"https:\\\/\\\/oddeleniebiologie.sk\\\/wp-content\\\/uploads\\\/2023\\\/10\\\/cropped-Oddelenie-biologie.jpg\",\"contentUrl\":\"https:\\\/\\\/oddeleniebiologie.sk\\\/wp-content\\\/uploads\\\/2023\\\/10\\\/cropped-Oddelenie-biologie.jpg\",\"width\":454,\"height\":440,\"caption\":\"oddeleniebiologie.sk\"},\"image\":{\"@id\":\"https:\\\/\\\/oddeleniebiologie.sk\\\/#\\\/schema\\\/logo\\\/image\\\/\"}},{\"@type\":\"Person\",\"@id\":\"https:\\\/\\\/oddeleniebiologie.sk\\\/#\\\/schema\\\/person\\\/6a0eb58da8fec753d78cfd094beced3e\",\"name\":\"miroslava.hlebova\",\"image\":{\"@type\":\"ImageObject\",\"inLanguage\":\"en-US\",\"@id\":\"https:\\\/\\\/secure.gravatar.com\\\/avatar\\\/b8a4d5935cfefcc8c722a1a6c537955fd632261379a2d067bdf3a830305d65f8?s=96&d=mm&r=g\",\"url\":\"https:\\\/\\\/secure.gravatar.com\\\/avatar\\\/b8a4d5935cfefcc8c722a1a6c537955fd632261379a2d067bdf3a830305d65f8?s=96&d=mm&r=g\",\"contentUrl\":\"https:\\\/\\\/secure.gravatar.com\\\/avatar\\\/b8a4d5935cfefcc8c722a1a6c537955fd632261379a2d067bdf3a830305d65f8?s=96&d=mm&r=g\",\"caption\":\"miroslava.hlebova\"},\"sameAs\":[\"http:\\\/\\\/oddeleniebiologie.sk\"],\"url\":\"https:\\\/\\\/oddeleniebiologie.sk\\\/en\\\/author\\\/miroslava-hlebova\\\/\"}]}<\/script>\n<!-- \/ Yoast SEO plugin. -->","yoast_head_json":{"title":"\u0160tudentsk\u00e1 vedeck\u00e1 konferencia Aplikovan\u00e9 pr\u00edrodn\u00e9 vedy 2022 - oddeleniebiologie.sk","robots":{"index":"index","follow":"follow","max-snippet":"max-snippet:-1","max-image-preview":"max-image-preview:large","max-video-preview":"max-video-preview:-1"},"canonical":"https:\/\/oddeleniebiologie.sk\/en\/studentska-vedecka-konferencia-aplikovane-prirodne-vedy-2022\/","og_locale":"en_US","og_type":"article","og_title":"\u0160tudentsk\u00e1 vedeck\u00e1 konferencia Aplikovan\u00e9 pr\u00edrodn\u00e9 vedy 2022 - oddeleniebiologie.sk","og_description":"Fakulta pr\u00edrodn\u00fdch vied UCM poz\u00fdva \u0161tudentov 1.,2.,3. stup\u0148a vysoko\u0161kolsk\u00e9ho \u0161t\u00fadia na Celoslovensk\u00fa \u0161tudentsk\u00fa vedeck\u00fa konferenciu Aplikovan\u00e9 pr\u00edrodn\u00e9 vedy TERM\u00cdN KONANIA:&nbsp;13. apr\u00edl 2022 Cie\u013eom \u0161tudentskej vedeckej konferencie je da\u0165 mo\u017enos\u0165 \u0161tudentom vysoko\u0161kolsk\u00e9ho \u0161t\u00fadia prezentova\u0165 svoje vedeck\u00e9 experiment\u00e1lne a\/alebo teoretick\u00e9 v\u00fdsledky z\u00edskan\u00e9 v r\u00e1mci pr\u00edpravy bakal\u00e1rskych, semestr\u00e1lnych a magistersk\u00fdch pr\u00e1c, a t\u00fdm im poskytn\u00fa\u0165 priestor pre vz\u00e1jomn\u00fa&hellip; Read more","og_url":"https:\/\/oddeleniebiologie.sk\/en\/studentska-vedecka-konferencia-aplikovane-prirodne-vedy-2022\/","og_site_name":"oddeleniebiologie.sk","article_published_time":"2022-02-23T09:36:00+00:00","article_modified_time":"2022-02-24T15:17:26+00:00","og_image":[{"width":1195,"height":720,"url":"https:\/\/oddeleniebiologie.sk\/wp-content\/uploads\/2022\/02\/job-gf3d3d9d2f_1280-e1644755689843.jpg","type":"image\/jpeg"}],"author":"miroslava.hlebova","twitter_card":"summary_large_image","twitter_misc":{"Written by":"miroslava.hlebova","Est. reading time":"2 minutes"},"schema":{"@context":"https:\/\/schema.org","@graph":[{"@type":"Article","@id":"https:\/\/oddeleniebiologie.sk\/studentska-vedecka-konferencia-aplikovane-prirodne-vedy-2022\/#article","isPartOf":{"@id":"https:\/\/oddeleniebiologie.sk\/studentska-vedecka-konferencia-aplikovane-prirodne-vedy-2022\/"},"author":{"name":"miroslava.hlebova","@id":"https:\/\/oddeleniebiologie.sk\/#\/schema\/person\/6a0eb58da8fec753d78cfd094beced3e"},"headline":"\u0160tudentsk\u00e1 vedeck\u00e1 konferencia Aplikovan\u00e9 pr\u00edrodn\u00e9 vedy 2022","datePublished":"2022-02-23T09:36:00+00:00","dateModified":"2022-02-24T15:17:26+00:00","mainEntityOfPage":{"@id":"https:\/\/oddeleniebiologie.sk\/studentska-vedecka-konferencia-aplikovane-prirodne-vedy-2022\/"},"wordCount":322,"commentCount":0,"publisher":{"@id":"https:\/\/oddeleniebiologie.sk\/#organization"},"image":{"@id":"https:\/\/oddeleniebiologie.sk\/studentska-vedecka-konferencia-aplikovane-prirodne-vedy-2022\/#primaryimage"},"thumbnailUrl":"https:\/\/oddeleniebiologie.sk\/wp-content\/uploads\/2022\/02\/job-gf3d3d9d2f_1280-e1644755689843.jpg","articleSection":["D\u00f4le\u017eit\u00e9 oznamy"],"inLanguage":"en-US","potentialAction":[{"@type":"CommentAction","name":"Comment","target":["https:\/\/oddeleniebiologie.sk\/studentska-vedecka-konferencia-aplikovane-prirodne-vedy-2022\/#respond"]}]},{"@type":"WebPage","@id":"https:\/\/oddeleniebiologie.sk\/studentska-vedecka-konferencia-aplikovane-prirodne-vedy-2022\/","url":"https:\/\/oddeleniebiologie.sk\/studentska-vedecka-konferencia-aplikovane-prirodne-vedy-2022\/","name":"\u0160tudentsk\u00e1 vedeck\u00e1 konferencia Aplikovan\u00e9 pr\u00edrodn\u00e9 vedy 2022 - oddeleniebiologie.sk","isPartOf":{"@id":"https:\/\/oddeleniebiologie.sk\/#website"},"primaryImageOfPage":{"@id":"https:\/\/oddeleniebiologie.sk\/studentska-vedecka-konferencia-aplikovane-prirodne-vedy-2022\/#primaryimage"},"image":{"@id":"https:\/\/oddeleniebiologie.sk\/studentska-vedecka-konferencia-aplikovane-prirodne-vedy-2022\/#primaryimage"},"thumbnailUrl":"https:\/\/oddeleniebiologie.sk\/wp-content\/uploads\/2022\/02\/job-gf3d3d9d2f_1280-e1644755689843.jpg","datePublished":"2022-02-23T09:36:00+00:00","dateModified":"2022-02-24T15:17:26+00:00","breadcrumb":{"@id":"https:\/\/oddeleniebiologie.sk\/studentska-vedecka-konferencia-aplikovane-prirodne-vedy-2022\/#breadcrumb"},"inLanguage":"en-US","potentialAction":[{"@type":"ReadAction","target":["https:\/\/oddeleniebiologie.sk\/studentska-vedecka-konferencia-aplikovane-prirodne-vedy-2022\/"]}]},{"@type":"ImageObject","inLanguage":"en-US","@id":"https:\/\/oddeleniebiologie.sk\/studentska-vedecka-konferencia-aplikovane-prirodne-vedy-2022\/#primaryimage","url":"https:\/\/oddeleniebiologie.sk\/wp-content\/uploads\/2022\/02\/job-gf3d3d9d2f_1280-e1644755689843.jpg","contentUrl":"https:\/\/oddeleniebiologie.sk\/wp-content\/uploads\/2022\/02\/job-gf3d3d9d2f_1280-e1644755689843.jpg","width":1195,"height":720},{"@type":"BreadcrumbList","@id":"https:\/\/oddeleniebiologie.sk\/studentska-vedecka-konferencia-aplikovane-prirodne-vedy-2022\/#breadcrumb","itemListElement":[{"@type":"ListItem","position":1,"name":"Home","item":"https:\/\/oddeleniebiologie.sk\/"},{"@type":"ListItem","position":2,"name":"\u0160tudentsk\u00e1 vedeck\u00e1 konferencia Aplikovan\u00e9 pr\u00edrodn\u00e9 vedy 2022"}]},{"@type":"WebSite","@id":"https:\/\/oddeleniebiologie.sk\/#website","url":"https:\/\/oddeleniebiologie.sk\/","name":"oddeleniebiologie.sk","description":"Oddelenie biol\u00f3gie","publisher":{"@id":"https:\/\/oddeleniebiologie.sk\/#organization"},"potentialAction":[{"@type":"SearchAction","target":{"@type":"EntryPoint","urlTemplate":"https:\/\/oddeleniebiologie.sk\/?s={search_term_string}"},"query-input":{"@type":"PropertyValueSpecification","valueRequired":true,"valueName":"search_term_string"}}],"inLanguage":"en-US"},{"@type":"Organization","@id":"https:\/\/oddeleniebiologie.sk\/#organization","name":"oddeleniebiologie.sk","url":"https:\/\/oddeleniebiologie.sk\/","logo":{"@type":"ImageObject","inLanguage":"en-US","@id":"https:\/\/oddeleniebiologie.sk\/#\/schema\/logo\/image\/","url":"https:\/\/oddeleniebiologie.sk\/wp-content\/uploads\/2023\/10\/cropped-Oddelenie-biologie.jpg","contentUrl":"https:\/\/oddeleniebiologie.sk\/wp-content\/uploads\/2023\/10\/cropped-Oddelenie-biologie.jpg","width":454,"height":440,"caption":"oddeleniebiologie.sk"},"image":{"@id":"https:\/\/oddeleniebiologie.sk\/#\/schema\/logo\/image\/"}},{"@type":"Person","@id":"https:\/\/oddeleniebiologie.sk\/#\/schema\/person\/6a0eb58da8fec753d78cfd094beced3e","name":"miroslava.hlebova","image":{"@type":"ImageObject","inLanguage":"en-US","@id":"https:\/\/secure.gravatar.com\/avatar\/b8a4d5935cfefcc8c722a1a6c537955fd632261379a2d067bdf3a830305d65f8?s=96&d=mm&r=g","url":"https:\/\/secure.gravatar.com\/avatar\/b8a4d5935cfefcc8c722a1a6c537955fd632261379a2d067bdf3a830305d65f8?s=96&d=mm&r=g","contentUrl":"https:\/\/secure.gravatar.com\/avatar\/b8a4d5935cfefcc8c722a1a6c537955fd632261379a2d067bdf3a830305d65f8?s=96&d=mm&r=g","caption":"miroslava.hlebova"},"sameAs":["http:\/\/oddeleniebiologie.sk"],"url":"https:\/\/oddeleniebiologie.sk\/en\/author\/miroslava-hlebova\/"}]}},"_links":{"self":[{"href":"https:\/\/oddeleniebiologie.sk\/en\/wp-json\/wp\/v2\/posts\/2826","targetHints":{"allow":["GET"]}}],"collection":[{"href":"https:\/\/oddeleniebiologie.sk\/en\/wp-json\/wp\/v2\/posts"}],"about":[{"href":"https:\/\/oddeleniebiologie.sk\/en\/wp-json\/wp\/v2\/types\/post"}],"author":[{"embeddable":true,"href":"https:\/\/oddeleniebiologie.sk\/en\/wp-json\/wp\/v2\/users\/1"}],"replies":[{"embeddable":true,"href":"https:\/\/oddeleniebiologie.sk\/en\/wp-json\/wp\/v2\/comments?post=2826"}],"version-history":[{"count":6,"href":"https:\/\/oddeleniebiologie.sk\/en\/wp-json\/wp\/v2\/posts\/2826\/revisions"}],"predecessor-version":[{"id":3024,"href":"https:\/\/oddeleniebiologie.sk\/en\/wp-json\/wp\/v2\/posts\/2826\/revisions\/3024"}],"wp:featuredmedia":[{"embeddable":true,"href":"https:\/\/oddeleniebiologie.sk\/en\/wp-json\/wp\/v2\/media\/2987"}],"wp:attachment":[{"href":"https:\/\/oddeleniebiologie.sk\/en\/wp-json\/wp\/v2\/media?parent=2826"}],"wp:term":[{"taxonomy":"category","embeddable":true,"href":"https:\/\/oddeleniebiologie.sk\/en\/wp-json\/wp\/v2\/categories?post=2826"},{"taxonomy":"post_tag","embeddable":true,"href":"https:\/\/oddeleniebiologie.sk\/en\/wp-json\/wp\/v2\/tags?post=2826"}],"curies":[{"name":"wp","href":"https:\/\/api.w.org\/{rel}","templated":true}]}}