{"id":289,"date":"2020-04-15T19:13:00","date_gmt":"2020-04-15T17:13:00","guid":{"rendered":"http:\/\/msmbizz.mihai1-work.cloud-press.net\/?p=289"},"modified":"2021-08-31T19:40:28","modified_gmt":"2021-08-31T17:40:28","slug":"theres-a-voice-that-keeps-on-calling-me","status":"publish","type":"post","link":"https:\/\/oddeleniebiologie.sk\/en\/theres-a-voice-that-keeps-on-calling-me\/","title":{"rendered":"ZMENA TERM\u00cdNU &#8211; \u0160tudentsk\u00e1 vedeck\u00e1 konferencia Aplikovan\u00e9 pr\u00edrodn\u00e9 vedy 2020"},"content":{"rendered":"<p><span class=\"wsw-02\"><strong>V<\/strong><\/span><strong><span class=\"wsw-02\">\u00a0mene dekana FPV UCM a organiza\u010dn\u00e9ho \u0160VK si V\u00e1s dovo\u013eujem pozva\u0165 na<\/span>\u00a0<\/strong>\u0161tudentsk\u00fa vedeck\u00fa konferenciu<strong>\u00a0<span class=\"wsw-02\">Aplikovan\u00e9 pr\u00edrodn\u00e9 vedy 20<\/span><\/strong><span class=\"wsw-02\"><strong>20<\/strong><strong>.<\/strong><\/span><\/p>\n<p><span class=\"wsw-02\"><strong>Zmena term\u00ednu \u0161tudentskej vedeckej konferencie\u00a0Aplikovan\u00e9 pr\u00edrodn\u00e9 vedy 2020.<br \/>\n<\/strong><\/span><\/p>\n<p><span class=\"wsw-02\"><strong>Vzh\u013eadom na vyhl\u00e1sen\u00fd n\u00fadzov\u00fd stav\u00a0v\u00a0d\u00f4sledku\u00a0koronakr\u00edzy\u00a0sa term\u00edn\u00a0\u0160VK APV 2020\u00a0pos\u00fava na 11<em>. novembra\u00a0<\/em>2020.<br \/>\n<\/strong><\/span><\/p>\n<p><span class=\"wsw-02\"><strong>Registr\u00e1cia prihl\u00e1\u0161ok\u00a0do\u00a027.10.\u00a02020<\/strong><\/span><\/p>\n<p><strong>\u00a0<\/strong><\/p>\n<p><span class=\"wsw-02\"><strong>Registr\u00e1cia pr\u00edspevkov\u00a0do\u00a027.10.\u00a02020<br \/>\n<\/strong><\/span><\/p>\n<p>V pr\u00edpade, \u017ee ste prihl\u00e1\u0161ku, resp. pr\u00edspevok zaslali v p\u00f4vodnom apr\u00edlovom term\u00edne, potvr\u010fte, pros\u00edm, svoju \u00fa\u010das\u0165 organiza\u010dn\u00fdm garantom jednotliv\u00fdch sekci\u00ed do 13.10.2020.<\/p>\n<p>Viac inform\u00e1cia na:\u00a0<a href=\"https:\/\/fpv.ucm.sk\/sk\/veda-a-vyskum\/studentska-vedecka-konferencia.html\" target=\"_blank\" rel=\"nofollow noopener\">https:\/\/fpv.ucm.sk\/sk\/veda-a-vyskum\/studentska-vedecka-konferencia.html<\/a><\/p>","protected":false},"excerpt":{"rendered":"<p>V\u00a0mene dekana FPV UCM a organiza\u010dn\u00e9ho \u0160VK si V\u00e1s dovo\u013eujem pozva\u0165 na\u00a0\u0161tudentsk\u00fa vedeck\u00fa konferenciu\u00a0Aplikovan\u00e9 pr\u00edrodn\u00e9 vedy 2020. Zmena term\u00ednu \u0161tudentskej vedeckej konferencie\u00a0Aplikovan\u00e9 pr\u00edrodn\u00e9 vedy 2020. Vzh\u013eadom na vyhl\u00e1sen\u00fd n\u00fadzov\u00fd stav\u00a0v\u00a0d\u00f4sledku\u00a0koronakr\u00edzy\u00a0sa term\u00edn\u00a0\u0160VK APV 2020\u00a0pos\u00fava na 11. novembra\u00a02020. Registr\u00e1cia prihl\u00e1\u0161ok\u00a0do\u00a027.10.\u00a02020 \u00a0 Registr\u00e1cia pr\u00edspevkov\u00a0do\u00a027.10.\u00a02020 V pr\u00edpade, \u017ee ste prihl\u00e1\u0161ku, resp. pr\u00edspevok zaslali v p\u00f4vodnom apr\u00edlovom term\u00edne, potvr\u010fte, pros\u00edm,&hellip; <br \/> <a class=\"read-more\" href=\"https:\/\/oddeleniebiologie.sk\/en\/theres-a-voice-that-keeps-on-calling-me\/\">Read more<\/a><\/p>","protected":false},"author":1,"featured_media":400,"comment_status":"open","ping_status":"open","sticky":false,"template":"","format":"standard","meta":{"_monsterinsights_skip_tracking":false,"_monsterinsights_sitenote_active":false,"_monsterinsights_sitenote_note":"","_monsterinsights_sitenote_category":0,"ngg_post_thumbnail":0,"footnotes":""},"categories":[2],"tags":[],"class_list":["post-289","post","type-post","status-publish","format-standard","has-post-thumbnail","hentry","category-uncategorized"],"yoast_head":"<!-- This site is optimized with the Yoast SEO plugin v27.5 - https:\/\/yoast.com\/product\/yoast-seo-wordpress\/ -->\n<title>ZMENA TERM\u00cdNU - \u0160tudentsk\u00e1 vedeck\u00e1 konferencia Aplikovan\u00e9 pr\u00edrodn\u00e9 vedy 2020 - oddeleniebiologie.sk<\/title>\n<meta name=\"robots\" content=\"index, follow, max-snippet:-1, max-image-preview:large, max-video-preview:-1\" \/>\n<link rel=\"canonical\" href=\"https:\/\/oddeleniebiologie.sk\/en\/theres-a-voice-that-keeps-on-calling-me\/\" \/>\n<meta property=\"og:locale\" content=\"en_US\" \/>\n<meta property=\"og:type\" content=\"article\" \/>\n<meta property=\"og:title\" content=\"ZMENA TERM\u00cdNU - \u0160tudentsk\u00e1 vedeck\u00e1 konferencia Aplikovan\u00e9 pr\u00edrodn\u00e9 vedy 2020 - oddeleniebiologie.sk\" \/>\n<meta property=\"og:description\" content=\"V\u00a0mene dekana FPV UCM a organiza\u010dn\u00e9ho \u0160VK si V\u00e1s dovo\u013eujem pozva\u0165 na\u00a0\u0161tudentsk\u00fa vedeck\u00fa konferenciu\u00a0Aplikovan\u00e9 pr\u00edrodn\u00e9 vedy 2020. Zmena term\u00ednu \u0161tudentskej vedeckej konferencie\u00a0Aplikovan\u00e9 pr\u00edrodn\u00e9 vedy 2020. Vzh\u013eadom na vyhl\u00e1sen\u00fd n\u00fadzov\u00fd stav\u00a0v\u00a0d\u00f4sledku\u00a0koronakr\u00edzy\u00a0sa term\u00edn\u00a0\u0160VK APV 2020\u00a0pos\u00fava na 11. novembra\u00a02020. Registr\u00e1cia prihl\u00e1\u0161ok\u00a0do\u00a027.10.\u00a02020 \u00a0 Registr\u00e1cia pr\u00edspevkov\u00a0do\u00a027.10.\u00a02020 V pr\u00edpade, \u017ee ste prihl\u00e1\u0161ku, resp. pr\u00edspevok zaslali v p\u00f4vodnom apr\u00edlovom term\u00edne, potvr\u010fte, pros\u00edm,&hellip; Read more\" \/>\n<meta property=\"og:url\" content=\"https:\/\/oddeleniebiologie.sk\/en\/theres-a-voice-that-keeps-on-calling-me\/\" \/>\n<meta property=\"og:site_name\" content=\"oddeleniebiologie.sk\" \/>\n<meta property=\"article:published_time\" content=\"2020-04-15T17:13:00+00:00\" \/>\n<meta property=\"article:modified_time\" content=\"2021-08-31T17:40:28+00:00\" \/>\n<meta property=\"og:image\" content=\"https:\/\/oddeleniebiologie.sk\/wp-content\/uploads\/2018\/02\/attention-303861_1280.png\" \/>\n\t<meta property=\"og:image:width\" content=\"1280\" \/>\n\t<meta property=\"og:image:height\" content=\"1144\" \/>\n\t<meta property=\"og:image:type\" content=\"image\/png\" \/>\n<meta name=\"author\" content=\"miroslava.hlebova\" \/>\n<meta name=\"twitter:card\" content=\"summary_large_image\" \/>\n<meta name=\"twitter:label1\" content=\"Written by\" \/>\n\t<meta name=\"twitter:data1\" content=\"miroslava.hlebova\" \/>\n\t<meta name=\"twitter:label2\" content=\"Est. reading time\" \/>\n\t<meta name=\"twitter:data2\" content=\"1 minute\" \/>\n<script type=\"application\/ld+json\" class=\"yoast-schema-graph\">{\"@context\":\"https:\\\/\\\/schema.org\",\"@graph\":[{\"@type\":\"Article\",\"@id\":\"https:\\\/\\\/oddeleniebiologie.sk\\\/theres-a-voice-that-keeps-on-calling-me\\\/#article\",\"isPartOf\":{\"@id\":\"https:\\\/\\\/oddeleniebiologie.sk\\\/theres-a-voice-that-keeps-on-calling-me\\\/\"},\"author\":{\"name\":\"miroslava.hlebova\",\"@id\":\"https:\\\/\\\/oddeleniebiologie.sk\\\/#\\\/schema\\\/person\\\/6a0eb58da8fec753d78cfd094beced3e\"},\"headline\":\"ZMENA TERM\u00cdNU &#8211; \u0160tudentsk\u00e1 vedeck\u00e1 konferencia Aplikovan\u00e9 pr\u00edrodn\u00e9 vedy 2020\",\"datePublished\":\"2020-04-15T17:13:00+00:00\",\"dateModified\":\"2021-08-31T17:40:28+00:00\",\"mainEntityOfPage\":{\"@id\":\"https:\\\/\\\/oddeleniebiologie.sk\\\/theres-a-voice-that-keeps-on-calling-me\\\/\"},\"wordCount\":121,\"commentCount\":0,\"publisher\":{\"@id\":\"https:\\\/\\\/oddeleniebiologie.sk\\\/#organization\"},\"image\":{\"@id\":\"https:\\\/\\\/oddeleniebiologie.sk\\\/theres-a-voice-that-keeps-on-calling-me\\\/#primaryimage\"},\"thumbnailUrl\":\"https:\\\/\\\/oddeleniebiologie.sk\\\/wp-content\\\/uploads\\\/2018\\\/02\\\/attention-303861_1280.png\",\"inLanguage\":\"en-US\",\"potentialAction\":[{\"@type\":\"CommentAction\",\"name\":\"Comment\",\"target\":[\"https:\\\/\\\/oddeleniebiologie.sk\\\/theres-a-voice-that-keeps-on-calling-me\\\/#respond\"]}]},{\"@type\":\"WebPage\",\"@id\":\"https:\\\/\\\/oddeleniebiologie.sk\\\/theres-a-voice-that-keeps-on-calling-me\\\/\",\"url\":\"https:\\\/\\\/oddeleniebiologie.sk\\\/theres-a-voice-that-keeps-on-calling-me\\\/\",\"name\":\"ZMENA TERM\u00cdNU - \u0160tudentsk\u00e1 vedeck\u00e1 konferencia Aplikovan\u00e9 pr\u00edrodn\u00e9 vedy 2020 - oddeleniebiologie.sk\",\"isPartOf\":{\"@id\":\"https:\\\/\\\/oddeleniebiologie.sk\\\/#website\"},\"primaryImageOfPage\":{\"@id\":\"https:\\\/\\\/oddeleniebiologie.sk\\\/theres-a-voice-that-keeps-on-calling-me\\\/#primaryimage\"},\"image\":{\"@id\":\"https:\\\/\\\/oddeleniebiologie.sk\\\/theres-a-voice-that-keeps-on-calling-me\\\/#primaryimage\"},\"thumbnailUrl\":\"https:\\\/\\\/oddeleniebiologie.sk\\\/wp-content\\\/uploads\\\/2018\\\/02\\\/attention-303861_1280.png\",\"datePublished\":\"2020-04-15T17:13:00+00:00\",\"dateModified\":\"2021-08-31T17:40:28+00:00\",\"breadcrumb\":{\"@id\":\"https:\\\/\\\/oddeleniebiologie.sk\\\/theres-a-voice-that-keeps-on-calling-me\\\/#breadcrumb\"},\"inLanguage\":\"en-US\",\"potentialAction\":[{\"@type\":\"ReadAction\",\"target\":[\"https:\\\/\\\/oddeleniebiologie.sk\\\/theres-a-voice-that-keeps-on-calling-me\\\/\"]}]},{\"@type\":\"ImageObject\",\"inLanguage\":\"en-US\",\"@id\":\"https:\\\/\\\/oddeleniebiologie.sk\\\/theres-a-voice-that-keeps-on-calling-me\\\/#primaryimage\",\"url\":\"https:\\\/\\\/oddeleniebiologie.sk\\\/wp-content\\\/uploads\\\/2018\\\/02\\\/attention-303861_1280.png\",\"contentUrl\":\"https:\\\/\\\/oddeleniebiologie.sk\\\/wp-content\\\/uploads\\\/2018\\\/02\\\/attention-303861_1280.png\",\"width\":1280,\"height\":1144},{\"@type\":\"BreadcrumbList\",\"@id\":\"https:\\\/\\\/oddeleniebiologie.sk\\\/theres-a-voice-that-keeps-on-calling-me\\\/#breadcrumb\",\"itemListElement\":[{\"@type\":\"ListItem\",\"position\":1,\"name\":\"Home\",\"item\":\"https:\\\/\\\/oddeleniebiologie.sk\\\/\"},{\"@type\":\"ListItem\",\"position\":2,\"name\":\"ZMENA TERM\u00cdNU &#8211; \u0160tudentsk\u00e1 vedeck\u00e1 konferencia Aplikovan\u00e9 pr\u00edrodn\u00e9 vedy 2020\"}]},{\"@type\":\"WebSite\",\"@id\":\"https:\\\/\\\/oddeleniebiologie.sk\\\/#website\",\"url\":\"https:\\\/\\\/oddeleniebiologie.sk\\\/\",\"name\":\"oddeleniebiologie.sk\",\"description\":\"Oddelenie biol\u00f3gie\",\"publisher\":{\"@id\":\"https:\\\/\\\/oddeleniebiologie.sk\\\/#organization\"},\"potentialAction\":[{\"@type\":\"SearchAction\",\"target\":{\"@type\":\"EntryPoint\",\"urlTemplate\":\"https:\\\/\\\/oddeleniebiologie.sk\\\/?s={search_term_string}\"},\"query-input\":{\"@type\":\"PropertyValueSpecification\",\"valueRequired\":true,\"valueName\":\"search_term_string\"}}],\"inLanguage\":\"en-US\"},{\"@type\":\"Organization\",\"@id\":\"https:\\\/\\\/oddeleniebiologie.sk\\\/#organization\",\"name\":\"oddeleniebiologie.sk\",\"url\":\"https:\\\/\\\/oddeleniebiologie.sk\\\/\",\"logo\":{\"@type\":\"ImageObject\",\"inLanguage\":\"en-US\",\"@id\":\"https:\\\/\\\/oddeleniebiologie.sk\\\/#\\\/schema\\\/logo\\\/image\\\/\",\"url\":\"https:\\\/\\\/oddeleniebiologie.sk\\\/wp-content\\\/uploads\\\/2023\\\/10\\\/cropped-Oddelenie-biologie.jpg\",\"contentUrl\":\"https:\\\/\\\/oddeleniebiologie.sk\\\/wp-content\\\/uploads\\\/2023\\\/10\\\/cropped-Oddelenie-biologie.jpg\",\"width\":454,\"height\":440,\"caption\":\"oddeleniebiologie.sk\"},\"image\":{\"@id\":\"https:\\\/\\\/oddeleniebiologie.sk\\\/#\\\/schema\\\/logo\\\/image\\\/\"}},{\"@type\":\"Person\",\"@id\":\"https:\\\/\\\/oddeleniebiologie.sk\\\/#\\\/schema\\\/person\\\/6a0eb58da8fec753d78cfd094beced3e\",\"name\":\"miroslava.hlebova\",\"image\":{\"@type\":\"ImageObject\",\"inLanguage\":\"en-US\",\"@id\":\"https:\\\/\\\/secure.gravatar.com\\\/avatar\\\/b8a4d5935cfefcc8c722a1a6c537955fd632261379a2d067bdf3a830305d65f8?s=96&d=mm&r=g\",\"url\":\"https:\\\/\\\/secure.gravatar.com\\\/avatar\\\/b8a4d5935cfefcc8c722a1a6c537955fd632261379a2d067bdf3a830305d65f8?s=96&d=mm&r=g\",\"contentUrl\":\"https:\\\/\\\/secure.gravatar.com\\\/avatar\\\/b8a4d5935cfefcc8c722a1a6c537955fd632261379a2d067bdf3a830305d65f8?s=96&d=mm&r=g\",\"caption\":\"miroslava.hlebova\"},\"sameAs\":[\"http:\\\/\\\/oddeleniebiologie.sk\"],\"url\":\"https:\\\/\\\/oddeleniebiologie.sk\\\/en\\\/author\\\/miroslava-hlebova\\\/\"}]}<\/script>\n<!-- \/ Yoast SEO plugin. -->","yoast_head_json":{"title":"ZMENA TERM\u00cdNU - \u0160tudentsk\u00e1 vedeck\u00e1 konferencia Aplikovan\u00e9 pr\u00edrodn\u00e9 vedy 2020 - oddeleniebiologie.sk","robots":{"index":"index","follow":"follow","max-snippet":"max-snippet:-1","max-image-preview":"max-image-preview:large","max-video-preview":"max-video-preview:-1"},"canonical":"https:\/\/oddeleniebiologie.sk\/en\/theres-a-voice-that-keeps-on-calling-me\/","og_locale":"en_US","og_type":"article","og_title":"ZMENA TERM\u00cdNU - \u0160tudentsk\u00e1 vedeck\u00e1 konferencia Aplikovan\u00e9 pr\u00edrodn\u00e9 vedy 2020 - oddeleniebiologie.sk","og_description":"V\u00a0mene dekana FPV UCM a organiza\u010dn\u00e9ho \u0160VK si V\u00e1s dovo\u013eujem pozva\u0165 na\u00a0\u0161tudentsk\u00fa vedeck\u00fa konferenciu\u00a0Aplikovan\u00e9 pr\u00edrodn\u00e9 vedy 2020. Zmena term\u00ednu \u0161tudentskej vedeckej konferencie\u00a0Aplikovan\u00e9 pr\u00edrodn\u00e9 vedy 2020. Vzh\u013eadom na vyhl\u00e1sen\u00fd n\u00fadzov\u00fd stav\u00a0v\u00a0d\u00f4sledku\u00a0koronakr\u00edzy\u00a0sa term\u00edn\u00a0\u0160VK APV 2020\u00a0pos\u00fava na 11. novembra\u00a02020. Registr\u00e1cia prihl\u00e1\u0161ok\u00a0do\u00a027.10.\u00a02020 \u00a0 Registr\u00e1cia pr\u00edspevkov\u00a0do\u00a027.10.\u00a02020 V pr\u00edpade, \u017ee ste prihl\u00e1\u0161ku, resp. pr\u00edspevok zaslali v p\u00f4vodnom apr\u00edlovom term\u00edne, potvr\u010fte, pros\u00edm,&hellip; Read more","og_url":"https:\/\/oddeleniebiologie.sk\/en\/theres-a-voice-that-keeps-on-calling-me\/","og_site_name":"oddeleniebiologie.sk","article_published_time":"2020-04-15T17:13:00+00:00","article_modified_time":"2021-08-31T17:40:28+00:00","og_image":[{"width":1280,"height":1144,"url":"https:\/\/oddeleniebiologie.sk\/wp-content\/uploads\/2018\/02\/attention-303861_1280.png","type":"image\/png"}],"author":"miroslava.hlebova","twitter_card":"summary_large_image","twitter_misc":{"Written by":"miroslava.hlebova","Est. reading time":"1 minute"},"schema":{"@context":"https:\/\/schema.org","@graph":[{"@type":"Article","@id":"https:\/\/oddeleniebiologie.sk\/theres-a-voice-that-keeps-on-calling-me\/#article","isPartOf":{"@id":"https:\/\/oddeleniebiologie.sk\/theres-a-voice-that-keeps-on-calling-me\/"},"author":{"name":"miroslava.hlebova","@id":"https:\/\/oddeleniebiologie.sk\/#\/schema\/person\/6a0eb58da8fec753d78cfd094beced3e"},"headline":"ZMENA TERM\u00cdNU &#8211; \u0160tudentsk\u00e1 vedeck\u00e1 konferencia Aplikovan\u00e9 pr\u00edrodn\u00e9 vedy 2020","datePublished":"2020-04-15T17:13:00+00:00","dateModified":"2021-08-31T17:40:28+00:00","mainEntityOfPage":{"@id":"https:\/\/oddeleniebiologie.sk\/theres-a-voice-that-keeps-on-calling-me\/"},"wordCount":121,"commentCount":0,"publisher":{"@id":"https:\/\/oddeleniebiologie.sk\/#organization"},"image":{"@id":"https:\/\/oddeleniebiologie.sk\/theres-a-voice-that-keeps-on-calling-me\/#primaryimage"},"thumbnailUrl":"https:\/\/oddeleniebiologie.sk\/wp-content\/uploads\/2018\/02\/attention-303861_1280.png","inLanguage":"en-US","potentialAction":[{"@type":"CommentAction","name":"Comment","target":["https:\/\/oddeleniebiologie.sk\/theres-a-voice-that-keeps-on-calling-me\/#respond"]}]},{"@type":"WebPage","@id":"https:\/\/oddeleniebiologie.sk\/theres-a-voice-that-keeps-on-calling-me\/","url":"https:\/\/oddeleniebiologie.sk\/theres-a-voice-that-keeps-on-calling-me\/","name":"ZMENA TERM\u00cdNU - \u0160tudentsk\u00e1 vedeck\u00e1 konferencia Aplikovan\u00e9 pr\u00edrodn\u00e9 vedy 2020 - oddeleniebiologie.sk","isPartOf":{"@id":"https:\/\/oddeleniebiologie.sk\/#website"},"primaryImageOfPage":{"@id":"https:\/\/oddeleniebiologie.sk\/theres-a-voice-that-keeps-on-calling-me\/#primaryimage"},"image":{"@id":"https:\/\/oddeleniebiologie.sk\/theres-a-voice-that-keeps-on-calling-me\/#primaryimage"},"thumbnailUrl":"https:\/\/oddeleniebiologie.sk\/wp-content\/uploads\/2018\/02\/attention-303861_1280.png","datePublished":"2020-04-15T17:13:00+00:00","dateModified":"2021-08-31T17:40:28+00:00","breadcrumb":{"@id":"https:\/\/oddeleniebiologie.sk\/theres-a-voice-that-keeps-on-calling-me\/#breadcrumb"},"inLanguage":"en-US","potentialAction":[{"@type":"ReadAction","target":["https:\/\/oddeleniebiologie.sk\/theres-a-voice-that-keeps-on-calling-me\/"]}]},{"@type":"ImageObject","inLanguage":"en-US","@id":"https:\/\/oddeleniebiologie.sk\/theres-a-voice-that-keeps-on-calling-me\/#primaryimage","url":"https:\/\/oddeleniebiologie.sk\/wp-content\/uploads\/2018\/02\/attention-303861_1280.png","contentUrl":"https:\/\/oddeleniebiologie.sk\/wp-content\/uploads\/2018\/02\/attention-303861_1280.png","width":1280,"height":1144},{"@type":"BreadcrumbList","@id":"https:\/\/oddeleniebiologie.sk\/theres-a-voice-that-keeps-on-calling-me\/#breadcrumb","itemListElement":[{"@type":"ListItem","position":1,"name":"Home","item":"https:\/\/oddeleniebiologie.sk\/"},{"@type":"ListItem","position":2,"name":"ZMENA TERM\u00cdNU &#8211; \u0160tudentsk\u00e1 vedeck\u00e1 konferencia Aplikovan\u00e9 pr\u00edrodn\u00e9 vedy 2020"}]},{"@type":"WebSite","@id":"https:\/\/oddeleniebiologie.sk\/#website","url":"https:\/\/oddeleniebiologie.sk\/","name":"oddeleniebiologie.sk","description":"Oddelenie biol\u00f3gie","publisher":{"@id":"https:\/\/oddeleniebiologie.sk\/#organization"},"potentialAction":[{"@type":"SearchAction","target":{"@type":"EntryPoint","urlTemplate":"https:\/\/oddeleniebiologie.sk\/?s={search_term_string}"},"query-input":{"@type":"PropertyValueSpecification","valueRequired":true,"valueName":"search_term_string"}}],"inLanguage":"en-US"},{"@type":"Organization","@id":"https:\/\/oddeleniebiologie.sk\/#organization","name":"oddeleniebiologie.sk","url":"https:\/\/oddeleniebiologie.sk\/","logo":{"@type":"ImageObject","inLanguage":"en-US","@id":"https:\/\/oddeleniebiologie.sk\/#\/schema\/logo\/image\/","url":"https:\/\/oddeleniebiologie.sk\/wp-content\/uploads\/2023\/10\/cropped-Oddelenie-biologie.jpg","contentUrl":"https:\/\/oddeleniebiologie.sk\/wp-content\/uploads\/2023\/10\/cropped-Oddelenie-biologie.jpg","width":454,"height":440,"caption":"oddeleniebiologie.sk"},"image":{"@id":"https:\/\/oddeleniebiologie.sk\/#\/schema\/logo\/image\/"}},{"@type":"Person","@id":"https:\/\/oddeleniebiologie.sk\/#\/schema\/person\/6a0eb58da8fec753d78cfd094beced3e","name":"miroslava.hlebova","image":{"@type":"ImageObject","inLanguage":"en-US","@id":"https:\/\/secure.gravatar.com\/avatar\/b8a4d5935cfefcc8c722a1a6c537955fd632261379a2d067bdf3a830305d65f8?s=96&d=mm&r=g","url":"https:\/\/secure.gravatar.com\/avatar\/b8a4d5935cfefcc8c722a1a6c537955fd632261379a2d067bdf3a830305d65f8?s=96&d=mm&r=g","contentUrl":"https:\/\/secure.gravatar.com\/avatar\/b8a4d5935cfefcc8c722a1a6c537955fd632261379a2d067bdf3a830305d65f8?s=96&d=mm&r=g","caption":"miroslava.hlebova"},"sameAs":["http:\/\/oddeleniebiologie.sk"],"url":"https:\/\/oddeleniebiologie.sk\/en\/author\/miroslava-hlebova\/"}]}},"_links":{"self":[{"href":"https:\/\/oddeleniebiologie.sk\/en\/wp-json\/wp\/v2\/posts\/289","targetHints":{"allow":["GET"]}}],"collection":[{"href":"https:\/\/oddeleniebiologie.sk\/en\/wp-json\/wp\/v2\/posts"}],"about":[{"href":"https:\/\/oddeleniebiologie.sk\/en\/wp-json\/wp\/v2\/types\/post"}],"author":[{"embeddable":true,"href":"https:\/\/oddeleniebiologie.sk\/en\/wp-json\/wp\/v2\/users\/1"}],"replies":[{"embeddable":true,"href":"https:\/\/oddeleniebiologie.sk\/en\/wp-json\/wp\/v2\/comments?post=289"}],"version-history":[{"count":3,"href":"https:\/\/oddeleniebiologie.sk\/en\/wp-json\/wp\/v2\/posts\/289\/revisions"}],"predecessor-version":[{"id":1395,"href":"https:\/\/oddeleniebiologie.sk\/en\/wp-json\/wp\/v2\/posts\/289\/revisions\/1395"}],"wp:featuredmedia":[{"embeddable":true,"href":"https:\/\/oddeleniebiologie.sk\/en\/wp-json\/wp\/v2\/media\/400"}],"wp:attachment":[{"href":"https:\/\/oddeleniebiologie.sk\/en\/wp-json\/wp\/v2\/media?parent=289"}],"wp:term":[{"taxonomy":"category","embeddable":true,"href":"https:\/\/oddeleniebiologie.sk\/en\/wp-json\/wp\/v2\/categories?post=289"},{"taxonomy":"post_tag","embeddable":true,"href":"https:\/\/oddeleniebiologie.sk\/en\/wp-json\/wp\/v2\/tags?post=289"}],"curies":[{"name":"wp","href":"https:\/\/api.w.org\/{rel}","templated":true}]}}