{"id":3013,"date":"2022-02-23T12:17:56","date_gmt":"2022-02-23T11:17:56","guid":{"rendered":"https:\/\/katedrabiologie.sk\/?p=3013"},"modified":"2022-02-24T11:07:09","modified_gmt":"2022-02-24T10:07:09","slug":"xx-vedecka-konferencia-studentov-i-a-ii-stupna-vysokoskolskeho-studia","status":"publish","type":"post","link":"https:\/\/oddeleniebiologie.sk\/en\/xx-vedecka-konferencia-studentov-i-a-ii-stupna-vysokoskolskeho-studia\/","title":{"rendered":"XX. Vedeck\u00e1 konferencia \u0161tudentov I. a II. stup\u0148a vysoko\u0161kolsk\u00e9ho \u0161t\u00fadia"},"content":{"rendered":"<p class=\"has-text-align-center has-normal-font-size\"><span class=\"has-inline-color has-black-color\"><strong>Slovensk\u00e1 po\u013enohospod\u00e1rska univerzita<\/strong> v Nitre Fakulta biotechnol\u00f3gie a potravin\u00e1rstva<\/span><\/p>\n\n\n\n<p class=\"has-text-align-center has-normal-font-size\"><span class=\"has-inline-color has-black-color\">si V\u00e1s dovo\u013euje pozva\u0165 na <\/span><\/p>\n\n\n\n<p class=\"has-text-align-center has-normal-font-size\"><span class=\"has-inline-color has-black-color\"><strong>XX. Vedeck\u00fa konferenciu \u0161tudentov bakal\u00e1rskeho a magistersk\u00e9ho stup\u0148a vysoko\u0161kolsk\u00e9ho \u0161t\u00fadia<\/strong>, <\/span><\/p>\n\n\n\n<p class=\"has-text-align-center has-normal-font-size\"><span class=\"has-inline-color has-black-color\">ktor\u00e1 sa bude kona\u0165 pod z\u00e1\u0161titou prof. Ing. Norberta Luk\u00e1\u010da, PhD. dekana Fakulty biotechnol\u00f3gie a potravin\u00e1rstva<\/span><\/p>\n\n\n\n<p class=\"has-text-align-center has-normal-font-size\"><span class=\"has-inline-color has-black-color\"><strong>21. apr\u00edla 2022<\/strong> na FBP SPU v Nitre.<\/span><\/p>\n\n\n\n<h4 class=\"wp-block-heading\">INFORM\u00c1CIE:<\/h4>\n\n\n\n<p><span class=\"has-inline-color has-black-color\">Konferencia sa uskuto\u010dn\u00ed v hybridnom form\u00e1te s mo\u017enos\u0165ou osobnej pr\u00edtomnosti \u0161tudentov na FBP SPU v Nitre a on-line prostredn\u00edctvom MS Teams.<\/span><\/p>\n\n\n\n<p><strong><span class=\"has-inline-color has-black-color\">Tematick\u00e9 okruhy (sekcie):<\/span><\/strong><\/p>\n\n\n\n<ul class=\"wp-block-list\"><li><span class=\"has-inline-color has-black-color\">Kvalita a spracovanie surov\u00edn a potrav\u00edn rastlinn\u00e9ho p\u00f4vodu<\/span><\/li><li><span class=\"has-inline-color has-black-color\">Kvalita a spracovanie surov\u00edn a potrav\u00edn \u017eivo\u010d\u00ed\u0161neho p\u00f4vodu<\/span><\/li><li><span class=\"has-inline-color has-black-color\">Kontrola a bezpe\u010dnos\u0165 potravov\u00e9ho re\u0165azca<\/span><\/li><li><span class=\"has-inline-color has-black-color\">Aplikovan\u00e1 biol\u00f3gia<\/span><\/li><li><span class=\"has-inline-color has-black-color\">Biotechnol\u00f3gie<\/span><\/li><li><span class=\"has-inline-color has-black-color\">Inov\u00e1cie v potravin\u00e1rstve<\/span><\/li><\/ul>\n\n\n\n<p><span class=\"has-inline-color has-black-color\"><strong>Miesto konania:<\/strong><\/span><\/p>\n\n\n\n<p><span class=\"has-inline-color has-black-color\">ONLINE prostredn\u00edctvom MS TEAMS platformy<\/span><\/p>\n\n\n\n<p><strong><span class=\"has-inline-color has-black-color\">Inform\u00e1cie:<\/span><\/strong><\/p>\n\n\n\n<p><span class=\"has-inline-color has-black-color\">konferencia je ur\u010den\u00e1 pre \u0161tudentov dennej aj externej formy \u0161t\u00fadia<\/span><\/p>\n\n\n\n<ul class=\"wp-block-list\"><li><span class=\"has-inline-color has-black-color\">rokovac\u00ed jazyk: slovensk\u00fd, \u010desk\u00fd, anglick\u00fd, po\u013esk\u00fd<\/span><\/li><li><span class=\"has-inline-color has-black-color\">pr\u00edspevky bud\u00fa prezentovan\u00e9 formou predn\u00e1\u0161ok<\/span><\/li><li><span class=\"has-inline-color has-black-color\">predn\u00e1\u0161aj\u00facim bude k dispoz\u00edcii dataprojektor<\/span><\/li><li><span class=\"has-inline-color has-black-color\">\u010das vyhraden\u00fd na prezent\u00e1ciu je 10 min\u00fat<\/span><\/li><li><span class=\"has-inline-color has-black-color\">odprezentovan\u00e9 pr\u00edspevky vo forme roz\u0161\u00edren\u00fdch abstraktov bud\u00fa publikovan\u00e9 v online publik\u00e1cii v recenzovanom zborn\u00edku abstraktov<\/span><\/li><\/ul>\n\n\n\n<p><strong><span class=\"has-inline-color has-black-color\">D\u00f4le\u017eit\u00e9 term\u00edny:<\/span><\/strong><\/p>\n\n\n\n<ul class=\"wp-block-list\"><li><span class=\"has-inline-color has-black-color\">uz\u00e1vierka registr\u00e1cie: <strong>20. 3. 2022<\/strong><\/span><\/li><li><span class=\"has-inline-color has-black-color\">uz\u00e1vierka odoslania abstraktov: <strong>3. 4. 2022<\/strong><\/span><\/li><li><span class=\"has-inline-color has-black-color\"><strong>registr\u00e1cia \u0161tudentov: <a href=\"https:\/\/svk.fbp.uniag.sk\/registration-registracia\">Student conference of FBFS &#8211; Registration \/ Registr\u00e1cia (uniag.sk)<\/a><\/strong><\/span><\/li><li><span class=\"has-inline-color has-black-color\">abstrakty pr\u00edspevkov vypracovan\u00e9 pod\u013ea prilo\u017een\u00e9ho vzoru a vlo\u017een\u00e9 do \u0161abl\u00f3ny je potrebn\u00e9 posla\u0165 elektronicky do <strong>3. 4. 2022<\/strong> na adresu: <a href=\"mailto:studentconferencefbfs@gmail.com\" target=\"_blank\" rel=\"noreferrer noopener\"><strong>studentconferencefbfs@gmail.com<\/strong><\/a><\/span><\/li><li><span class=\"has-inline-color has-black-color\">oprava abstraktov po recenzi\u00ed do <strong>15. 4. 2022<\/strong><\/span><\/li><\/ul>\n\n\n\n<p><strong><span class=\"has-inline-color has-vivid-cyan-blue-color\"><a href=\"https:\/\/docs.google.com\/document\/d\/1TemrvHMZVxF22_QxIyMRcZguSS3TSo5o\/edit\">\u0160ABL\u00d3NA ABSTRAKTU<\/a><\/span><\/strong><\/p>","protected":false},"excerpt":{"rendered":"<p>Slovensk\u00e1 po\u013enohospod\u00e1rska univerzita v Nitre Fakulta biotechnol\u00f3gie a potravin\u00e1rstva si V\u00e1s dovo\u013euje pozva\u0165 na XX. Vedeck\u00fa konferenciu \u0161tudentov bakal\u00e1rskeho a magistersk\u00e9ho stup\u0148a vysoko\u0161kolsk\u00e9ho \u0161t\u00fadia, ktor\u00e1 sa bude kona\u0165 pod z\u00e1\u0161titou prof. Ing. Norberta Luk\u00e1\u010da, PhD. dekana Fakulty biotechnol\u00f3gie a potravin\u00e1rstva 21. apr\u00edla 2022 na FBP SPU v Nitre. INFORM\u00c1CIE: Konferencia sa uskuto\u010dn\u00ed v hybridnom form\u00e1te&hellip; <br \/> <a class=\"read-more\" href=\"https:\/\/oddeleniebiologie.sk\/en\/xx-vedecka-konferencia-studentov-i-a-ii-stupna-vysokoskolskeho-studia\/\">Read more<\/a><\/p>","protected":false},"author":1,"featured_media":3012,"comment_status":"open","ping_status":"open","sticky":false,"template":"","format":"standard","meta":{"_monsterinsights_skip_tracking":false,"_monsterinsights_sitenote_active":false,"_monsterinsights_sitenote_note":"","_monsterinsights_sitenote_category":0,"ngg_post_thumbnail":0,"footnotes":""},"categories":[1],"tags":[],"class_list":["post-3013","post","type-post","status-publish","format-standard","has-post-thumbnail","hentry","category-nezaradene"],"yoast_head":"<!-- This site is optimized with the Yoast SEO plugin v27.5 - https:\/\/yoast.com\/product\/yoast-seo-wordpress\/ -->\n<title>XX. Vedeck\u00e1 konferencia \u0161tudentov I. a II. stup\u0148a vysoko\u0161kolsk\u00e9ho \u0161t\u00fadia - oddeleniebiologie.sk<\/title>\n<meta name=\"robots\" content=\"index, follow, max-snippet:-1, max-image-preview:large, max-video-preview:-1\" \/>\n<link rel=\"canonical\" href=\"https:\/\/oddeleniebiologie.sk\/en\/xx-vedecka-konferencia-studentov-i-a-ii-stupna-vysokoskolskeho-studia\/\" \/>\n<meta property=\"og:locale\" content=\"en_US\" \/>\n<meta property=\"og:type\" content=\"article\" \/>\n<meta property=\"og:title\" content=\"XX. Vedeck\u00e1 konferencia \u0161tudentov I. a II. stup\u0148a vysoko\u0161kolsk\u00e9ho \u0161t\u00fadia - oddeleniebiologie.sk\" \/>\n<meta property=\"og:description\" content=\"Slovensk\u00e1 po\u013enohospod\u00e1rska univerzita v Nitre Fakulta biotechnol\u00f3gie a potravin\u00e1rstva si V\u00e1s dovo\u013euje pozva\u0165 na XX. Vedeck\u00fa konferenciu \u0161tudentov bakal\u00e1rskeho a magistersk\u00e9ho stup\u0148a vysoko\u0161kolsk\u00e9ho \u0161t\u00fadia, ktor\u00e1 sa bude kona\u0165 pod z\u00e1\u0161titou prof. Ing. Norberta Luk\u00e1\u010da, PhD. dekana Fakulty biotechnol\u00f3gie a potravin\u00e1rstva 21. apr\u00edla 2022 na FBP SPU v Nitre. INFORM\u00c1CIE: Konferencia sa uskuto\u010dn\u00ed v hybridnom form\u00e1te&hellip; Read more\" \/>\n<meta property=\"og:url\" content=\"https:\/\/oddeleniebiologie.sk\/en\/xx-vedecka-konferencia-studentov-i-a-ii-stupna-vysokoskolskeho-studia\/\" \/>\n<meta property=\"og:site_name\" content=\"oddeleniebiologie.sk\" \/>\n<meta property=\"article:published_time\" content=\"2022-02-23T11:17:56+00:00\" \/>\n<meta property=\"article:modified_time\" content=\"2022-02-24T10:07:09+00:00\" \/>\n<meta property=\"og:image\" content=\"https:\/\/oddeleniebiologie.sk\/wp-content\/uploads\/2022\/02\/Snimka1.jpg\" \/>\n\t<meta property=\"og:image:width\" content=\"1280\" \/>\n\t<meta property=\"og:image:height\" content=\"720\" \/>\n\t<meta property=\"og:image:type\" content=\"image\/jpeg\" \/>\n<meta name=\"author\" content=\"miroslava.hlebova\" \/>\n<meta name=\"twitter:card\" content=\"summary_large_image\" \/>\n<meta name=\"twitter:label1\" content=\"Written by\" \/>\n\t<meta name=\"twitter:data1\" content=\"miroslava.hlebova\" \/>\n\t<meta name=\"twitter:label2\" content=\"Est. reading time\" \/>\n\t<meta name=\"twitter:data2\" content=\"1 minute\" \/>\n<script type=\"application\/ld+json\" class=\"yoast-schema-graph\">{\"@context\":\"https:\\\/\\\/schema.org\",\"@graph\":[{\"@type\":\"Article\",\"@id\":\"https:\\\/\\\/oddeleniebiologie.sk\\\/xx-vedecka-konferencia-studentov-i-a-ii-stupna-vysokoskolskeho-studia\\\/#article\",\"isPartOf\":{\"@id\":\"https:\\\/\\\/oddeleniebiologie.sk\\\/xx-vedecka-konferencia-studentov-i-a-ii-stupna-vysokoskolskeho-studia\\\/\"},\"author\":{\"name\":\"miroslava.hlebova\",\"@id\":\"https:\\\/\\\/oddeleniebiologie.sk\\\/#\\\/schema\\\/person\\\/6a0eb58da8fec753d78cfd094beced3e\"},\"headline\":\"XX. Vedeck\u00e1 konferencia \u0161tudentov I. a II. stup\u0148a vysoko\u0161kolsk\u00e9ho \u0161t\u00fadia\",\"datePublished\":\"2022-02-23T11:17:56+00:00\",\"dateModified\":\"2022-02-24T10:07:09+00:00\",\"mainEntityOfPage\":{\"@id\":\"https:\\\/\\\/oddeleniebiologie.sk\\\/xx-vedecka-konferencia-studentov-i-a-ii-stupna-vysokoskolskeho-studia\\\/\"},\"wordCount\":283,\"commentCount\":0,\"publisher\":{\"@id\":\"https:\\\/\\\/oddeleniebiologie.sk\\\/#organization\"},\"image\":{\"@id\":\"https:\\\/\\\/oddeleniebiologie.sk\\\/xx-vedecka-konferencia-studentov-i-a-ii-stupna-vysokoskolskeho-studia\\\/#primaryimage\"},\"thumbnailUrl\":\"https:\\\/\\\/oddeleniebiologie.sk\\\/wp-content\\\/uploads\\\/2022\\\/02\\\/Snimka1.jpg\",\"articleSection\":[\"Nezaraden\u00e9\"],\"inLanguage\":\"en-US\",\"potentialAction\":[{\"@type\":\"CommentAction\",\"name\":\"Comment\",\"target\":[\"https:\\\/\\\/oddeleniebiologie.sk\\\/xx-vedecka-konferencia-studentov-i-a-ii-stupna-vysokoskolskeho-studia\\\/#respond\"]}]},{\"@type\":\"WebPage\",\"@id\":\"https:\\\/\\\/oddeleniebiologie.sk\\\/xx-vedecka-konferencia-studentov-i-a-ii-stupna-vysokoskolskeho-studia\\\/\",\"url\":\"https:\\\/\\\/oddeleniebiologie.sk\\\/xx-vedecka-konferencia-studentov-i-a-ii-stupna-vysokoskolskeho-studia\\\/\",\"name\":\"XX. Vedeck\u00e1 konferencia \u0161tudentov I. a II. stup\u0148a vysoko\u0161kolsk\u00e9ho \u0161t\u00fadia - oddeleniebiologie.sk\",\"isPartOf\":{\"@id\":\"https:\\\/\\\/oddeleniebiologie.sk\\\/#website\"},\"primaryImageOfPage\":{\"@id\":\"https:\\\/\\\/oddeleniebiologie.sk\\\/xx-vedecka-konferencia-studentov-i-a-ii-stupna-vysokoskolskeho-studia\\\/#primaryimage\"},\"image\":{\"@id\":\"https:\\\/\\\/oddeleniebiologie.sk\\\/xx-vedecka-konferencia-studentov-i-a-ii-stupna-vysokoskolskeho-studia\\\/#primaryimage\"},\"thumbnailUrl\":\"https:\\\/\\\/oddeleniebiologie.sk\\\/wp-content\\\/uploads\\\/2022\\\/02\\\/Snimka1.jpg\",\"datePublished\":\"2022-02-23T11:17:56+00:00\",\"dateModified\":\"2022-02-24T10:07:09+00:00\",\"breadcrumb\":{\"@id\":\"https:\\\/\\\/oddeleniebiologie.sk\\\/xx-vedecka-konferencia-studentov-i-a-ii-stupna-vysokoskolskeho-studia\\\/#breadcrumb\"},\"inLanguage\":\"en-US\",\"potentialAction\":[{\"@type\":\"ReadAction\",\"target\":[\"https:\\\/\\\/oddeleniebiologie.sk\\\/xx-vedecka-konferencia-studentov-i-a-ii-stupna-vysokoskolskeho-studia\\\/\"]}]},{\"@type\":\"ImageObject\",\"inLanguage\":\"en-US\",\"@id\":\"https:\\\/\\\/oddeleniebiologie.sk\\\/xx-vedecka-konferencia-studentov-i-a-ii-stupna-vysokoskolskeho-studia\\\/#primaryimage\",\"url\":\"https:\\\/\\\/oddeleniebiologie.sk\\\/wp-content\\\/uploads\\\/2022\\\/02\\\/Snimka1.jpg\",\"contentUrl\":\"https:\\\/\\\/oddeleniebiologie.sk\\\/wp-content\\\/uploads\\\/2022\\\/02\\\/Snimka1.jpg\",\"width\":1280,\"height\":720},{\"@type\":\"BreadcrumbList\",\"@id\":\"https:\\\/\\\/oddeleniebiologie.sk\\\/xx-vedecka-konferencia-studentov-i-a-ii-stupna-vysokoskolskeho-studia\\\/#breadcrumb\",\"itemListElement\":[{\"@type\":\"ListItem\",\"position\":1,\"name\":\"Home\",\"item\":\"https:\\\/\\\/oddeleniebiologie.sk\\\/\"},{\"@type\":\"ListItem\",\"position\":2,\"name\":\"XX. Vedeck\u00e1 konferencia \u0161tudentov I. a II. stup\u0148a vysoko\u0161kolsk\u00e9ho \u0161t\u00fadia\"}]},{\"@type\":\"WebSite\",\"@id\":\"https:\\\/\\\/oddeleniebiologie.sk\\\/#website\",\"url\":\"https:\\\/\\\/oddeleniebiologie.sk\\\/\",\"name\":\"oddeleniebiologie.sk\",\"description\":\"Oddelenie biol\u00f3gie\",\"publisher\":{\"@id\":\"https:\\\/\\\/oddeleniebiologie.sk\\\/#organization\"},\"potentialAction\":[{\"@type\":\"SearchAction\",\"target\":{\"@type\":\"EntryPoint\",\"urlTemplate\":\"https:\\\/\\\/oddeleniebiologie.sk\\\/?s={search_term_string}\"},\"query-input\":{\"@type\":\"PropertyValueSpecification\",\"valueRequired\":true,\"valueName\":\"search_term_string\"}}],\"inLanguage\":\"en-US\"},{\"@type\":\"Organization\",\"@id\":\"https:\\\/\\\/oddeleniebiologie.sk\\\/#organization\",\"name\":\"oddeleniebiologie.sk\",\"url\":\"https:\\\/\\\/oddeleniebiologie.sk\\\/\",\"logo\":{\"@type\":\"ImageObject\",\"inLanguage\":\"en-US\",\"@id\":\"https:\\\/\\\/oddeleniebiologie.sk\\\/#\\\/schema\\\/logo\\\/image\\\/\",\"url\":\"https:\\\/\\\/oddeleniebiologie.sk\\\/wp-content\\\/uploads\\\/2023\\\/10\\\/cropped-Oddelenie-biologie.jpg\",\"contentUrl\":\"https:\\\/\\\/oddeleniebiologie.sk\\\/wp-content\\\/uploads\\\/2023\\\/10\\\/cropped-Oddelenie-biologie.jpg\",\"width\":454,\"height\":440,\"caption\":\"oddeleniebiologie.sk\"},\"image\":{\"@id\":\"https:\\\/\\\/oddeleniebiologie.sk\\\/#\\\/schema\\\/logo\\\/image\\\/\"}},{\"@type\":\"Person\",\"@id\":\"https:\\\/\\\/oddeleniebiologie.sk\\\/#\\\/schema\\\/person\\\/6a0eb58da8fec753d78cfd094beced3e\",\"name\":\"miroslava.hlebova\",\"image\":{\"@type\":\"ImageObject\",\"inLanguage\":\"en-US\",\"@id\":\"https:\\\/\\\/secure.gravatar.com\\\/avatar\\\/b8a4d5935cfefcc8c722a1a6c537955fd632261379a2d067bdf3a830305d65f8?s=96&d=mm&r=g\",\"url\":\"https:\\\/\\\/secure.gravatar.com\\\/avatar\\\/b8a4d5935cfefcc8c722a1a6c537955fd632261379a2d067bdf3a830305d65f8?s=96&d=mm&r=g\",\"contentUrl\":\"https:\\\/\\\/secure.gravatar.com\\\/avatar\\\/b8a4d5935cfefcc8c722a1a6c537955fd632261379a2d067bdf3a830305d65f8?s=96&d=mm&r=g\",\"caption\":\"miroslava.hlebova\"},\"sameAs\":[\"http:\\\/\\\/oddeleniebiologie.sk\"],\"url\":\"https:\\\/\\\/oddeleniebiologie.sk\\\/en\\\/author\\\/miroslava-hlebova\\\/\"}]}<\/script>\n<!-- \/ Yoast SEO plugin. -->","yoast_head_json":{"title":"XX. Vedeck\u00e1 konferencia \u0161tudentov I. a II. stup\u0148a vysoko\u0161kolsk\u00e9ho \u0161t\u00fadia - oddeleniebiologie.sk","robots":{"index":"index","follow":"follow","max-snippet":"max-snippet:-1","max-image-preview":"max-image-preview:large","max-video-preview":"max-video-preview:-1"},"canonical":"https:\/\/oddeleniebiologie.sk\/en\/xx-vedecka-konferencia-studentov-i-a-ii-stupna-vysokoskolskeho-studia\/","og_locale":"en_US","og_type":"article","og_title":"XX. Vedeck\u00e1 konferencia \u0161tudentov I. a II. stup\u0148a vysoko\u0161kolsk\u00e9ho \u0161t\u00fadia - oddeleniebiologie.sk","og_description":"Slovensk\u00e1 po\u013enohospod\u00e1rska univerzita v Nitre Fakulta biotechnol\u00f3gie a potravin\u00e1rstva si V\u00e1s dovo\u013euje pozva\u0165 na XX. Vedeck\u00fa konferenciu \u0161tudentov bakal\u00e1rskeho a magistersk\u00e9ho stup\u0148a vysoko\u0161kolsk\u00e9ho \u0161t\u00fadia, ktor\u00e1 sa bude kona\u0165 pod z\u00e1\u0161titou prof. Ing. Norberta Luk\u00e1\u010da, PhD. dekana Fakulty biotechnol\u00f3gie a potravin\u00e1rstva 21. apr\u00edla 2022 na FBP SPU v Nitre. INFORM\u00c1CIE: Konferencia sa uskuto\u010dn\u00ed v hybridnom form\u00e1te&hellip; Read more","og_url":"https:\/\/oddeleniebiologie.sk\/en\/xx-vedecka-konferencia-studentov-i-a-ii-stupna-vysokoskolskeho-studia\/","og_site_name":"oddeleniebiologie.sk","article_published_time":"2022-02-23T11:17:56+00:00","article_modified_time":"2022-02-24T10:07:09+00:00","og_image":[{"width":1280,"height":720,"url":"https:\/\/oddeleniebiologie.sk\/wp-content\/uploads\/2022\/02\/Snimka1.jpg","type":"image\/jpeg"}],"author":"miroslava.hlebova","twitter_card":"summary_large_image","twitter_misc":{"Written by":"miroslava.hlebova","Est. reading time":"1 minute"},"schema":{"@context":"https:\/\/schema.org","@graph":[{"@type":"Article","@id":"https:\/\/oddeleniebiologie.sk\/xx-vedecka-konferencia-studentov-i-a-ii-stupna-vysokoskolskeho-studia\/#article","isPartOf":{"@id":"https:\/\/oddeleniebiologie.sk\/xx-vedecka-konferencia-studentov-i-a-ii-stupna-vysokoskolskeho-studia\/"},"author":{"name":"miroslava.hlebova","@id":"https:\/\/oddeleniebiologie.sk\/#\/schema\/person\/6a0eb58da8fec753d78cfd094beced3e"},"headline":"XX. Vedeck\u00e1 konferencia \u0161tudentov I. a II. stup\u0148a vysoko\u0161kolsk\u00e9ho \u0161t\u00fadia","datePublished":"2022-02-23T11:17:56+00:00","dateModified":"2022-02-24T10:07:09+00:00","mainEntityOfPage":{"@id":"https:\/\/oddeleniebiologie.sk\/xx-vedecka-konferencia-studentov-i-a-ii-stupna-vysokoskolskeho-studia\/"},"wordCount":283,"commentCount":0,"publisher":{"@id":"https:\/\/oddeleniebiologie.sk\/#organization"},"image":{"@id":"https:\/\/oddeleniebiologie.sk\/xx-vedecka-konferencia-studentov-i-a-ii-stupna-vysokoskolskeho-studia\/#primaryimage"},"thumbnailUrl":"https:\/\/oddeleniebiologie.sk\/wp-content\/uploads\/2022\/02\/Snimka1.jpg","articleSection":["Nezaraden\u00e9"],"inLanguage":"en-US","potentialAction":[{"@type":"CommentAction","name":"Comment","target":["https:\/\/oddeleniebiologie.sk\/xx-vedecka-konferencia-studentov-i-a-ii-stupna-vysokoskolskeho-studia\/#respond"]}]},{"@type":"WebPage","@id":"https:\/\/oddeleniebiologie.sk\/xx-vedecka-konferencia-studentov-i-a-ii-stupna-vysokoskolskeho-studia\/","url":"https:\/\/oddeleniebiologie.sk\/xx-vedecka-konferencia-studentov-i-a-ii-stupna-vysokoskolskeho-studia\/","name":"XX. Vedeck\u00e1 konferencia \u0161tudentov I. a II. stup\u0148a vysoko\u0161kolsk\u00e9ho \u0161t\u00fadia - oddeleniebiologie.sk","isPartOf":{"@id":"https:\/\/oddeleniebiologie.sk\/#website"},"primaryImageOfPage":{"@id":"https:\/\/oddeleniebiologie.sk\/xx-vedecka-konferencia-studentov-i-a-ii-stupna-vysokoskolskeho-studia\/#primaryimage"},"image":{"@id":"https:\/\/oddeleniebiologie.sk\/xx-vedecka-konferencia-studentov-i-a-ii-stupna-vysokoskolskeho-studia\/#primaryimage"},"thumbnailUrl":"https:\/\/oddeleniebiologie.sk\/wp-content\/uploads\/2022\/02\/Snimka1.jpg","datePublished":"2022-02-23T11:17:56+00:00","dateModified":"2022-02-24T10:07:09+00:00","breadcrumb":{"@id":"https:\/\/oddeleniebiologie.sk\/xx-vedecka-konferencia-studentov-i-a-ii-stupna-vysokoskolskeho-studia\/#breadcrumb"},"inLanguage":"en-US","potentialAction":[{"@type":"ReadAction","target":["https:\/\/oddeleniebiologie.sk\/xx-vedecka-konferencia-studentov-i-a-ii-stupna-vysokoskolskeho-studia\/"]}]},{"@type":"ImageObject","inLanguage":"en-US","@id":"https:\/\/oddeleniebiologie.sk\/xx-vedecka-konferencia-studentov-i-a-ii-stupna-vysokoskolskeho-studia\/#primaryimage","url":"https:\/\/oddeleniebiologie.sk\/wp-content\/uploads\/2022\/02\/Snimka1.jpg","contentUrl":"https:\/\/oddeleniebiologie.sk\/wp-content\/uploads\/2022\/02\/Snimka1.jpg","width":1280,"height":720},{"@type":"BreadcrumbList","@id":"https:\/\/oddeleniebiologie.sk\/xx-vedecka-konferencia-studentov-i-a-ii-stupna-vysokoskolskeho-studia\/#breadcrumb","itemListElement":[{"@type":"ListItem","position":1,"name":"Home","item":"https:\/\/oddeleniebiologie.sk\/"},{"@type":"ListItem","position":2,"name":"XX. Vedeck\u00e1 konferencia \u0161tudentov I. a II. stup\u0148a vysoko\u0161kolsk\u00e9ho \u0161t\u00fadia"}]},{"@type":"WebSite","@id":"https:\/\/oddeleniebiologie.sk\/#website","url":"https:\/\/oddeleniebiologie.sk\/","name":"oddeleniebiologie.sk","description":"Oddelenie biol\u00f3gie","publisher":{"@id":"https:\/\/oddeleniebiologie.sk\/#organization"},"potentialAction":[{"@type":"SearchAction","target":{"@type":"EntryPoint","urlTemplate":"https:\/\/oddeleniebiologie.sk\/?s={search_term_string}"},"query-input":{"@type":"PropertyValueSpecification","valueRequired":true,"valueName":"search_term_string"}}],"inLanguage":"en-US"},{"@type":"Organization","@id":"https:\/\/oddeleniebiologie.sk\/#organization","name":"oddeleniebiologie.sk","url":"https:\/\/oddeleniebiologie.sk\/","logo":{"@type":"ImageObject","inLanguage":"en-US","@id":"https:\/\/oddeleniebiologie.sk\/#\/schema\/logo\/image\/","url":"https:\/\/oddeleniebiologie.sk\/wp-content\/uploads\/2023\/10\/cropped-Oddelenie-biologie.jpg","contentUrl":"https:\/\/oddeleniebiologie.sk\/wp-content\/uploads\/2023\/10\/cropped-Oddelenie-biologie.jpg","width":454,"height":440,"caption":"oddeleniebiologie.sk"},"image":{"@id":"https:\/\/oddeleniebiologie.sk\/#\/schema\/logo\/image\/"}},{"@type":"Person","@id":"https:\/\/oddeleniebiologie.sk\/#\/schema\/person\/6a0eb58da8fec753d78cfd094beced3e","name":"miroslava.hlebova","image":{"@type":"ImageObject","inLanguage":"en-US","@id":"https:\/\/secure.gravatar.com\/avatar\/b8a4d5935cfefcc8c722a1a6c537955fd632261379a2d067bdf3a830305d65f8?s=96&d=mm&r=g","url":"https:\/\/secure.gravatar.com\/avatar\/b8a4d5935cfefcc8c722a1a6c537955fd632261379a2d067bdf3a830305d65f8?s=96&d=mm&r=g","contentUrl":"https:\/\/secure.gravatar.com\/avatar\/b8a4d5935cfefcc8c722a1a6c537955fd632261379a2d067bdf3a830305d65f8?s=96&d=mm&r=g","caption":"miroslava.hlebova"},"sameAs":["http:\/\/oddeleniebiologie.sk"],"url":"https:\/\/oddeleniebiologie.sk\/en\/author\/miroslava-hlebova\/"}]}},"_links":{"self":[{"href":"https:\/\/oddeleniebiologie.sk\/en\/wp-json\/wp\/v2\/posts\/3013","targetHints":{"allow":["GET"]}}],"collection":[{"href":"https:\/\/oddeleniebiologie.sk\/en\/wp-json\/wp\/v2\/posts"}],"about":[{"href":"https:\/\/oddeleniebiologie.sk\/en\/wp-json\/wp\/v2\/types\/post"}],"author":[{"embeddable":true,"href":"https:\/\/oddeleniebiologie.sk\/en\/wp-json\/wp\/v2\/users\/1"}],"replies":[{"embeddable":true,"href":"https:\/\/oddeleniebiologie.sk\/en\/wp-json\/wp\/v2\/comments?post=3013"}],"version-history":[{"count":6,"href":"https:\/\/oddeleniebiologie.sk\/en\/wp-json\/wp\/v2\/posts\/3013\/revisions"}],"predecessor-version":[{"id":3023,"href":"https:\/\/oddeleniebiologie.sk\/en\/wp-json\/wp\/v2\/posts\/3013\/revisions\/3023"}],"wp:featuredmedia":[{"embeddable":true,"href":"https:\/\/oddeleniebiologie.sk\/en\/wp-json\/wp\/v2\/media\/3012"}],"wp:attachment":[{"href":"https:\/\/oddeleniebiologie.sk\/en\/wp-json\/wp\/v2\/media?parent=3013"}],"wp:term":[{"taxonomy":"category","embeddable":true,"href":"https:\/\/oddeleniebiologie.sk\/en\/wp-json\/wp\/v2\/categories?post=3013"},{"taxonomy":"post_tag","embeddable":true,"href":"https:\/\/oddeleniebiologie.sk\/en\/wp-json\/wp\/v2\/tags?post=3013"}],"curies":[{"name":"wp","href":"https:\/\/api.w.org\/{rel}","templated":true}]}}