{"id":3395,"date":"2023-02-21T18:41:39","date_gmt":"2023-02-21T17:41:39","guid":{"rendered":"https:\/\/katedrabiologie.sk\/?p=3395"},"modified":"2023-02-21T18:41:42","modified_gmt":"2023-02-21T17:41:42","slug":"studentska-vedecka-konferencia-2023","status":"publish","type":"post","link":"https:\/\/oddeleniebiologie.sk\/en\/studentska-vedecka-konferencia-2023\/","title":{"rendered":"\u0160tudentsk\u00e1 vedeck\u00e1 konferencia 2023"},"content":{"rendered":"<p><\/p>\n\n\n\n<p class=\"has-text-align-center has-black-color has-text-color\">Srde\u010dne V\u00e1s poz\u00fdvame na spolo\u010dn\u00e9 vedeck\u00e9 podujatie Fakulty pr\u00edrodn\u00fdch vied\u00a0<strong>Univerzity Mateja Bela v Banskej Bystrici<\/strong>, Fakulty pr\u00edrodn\u00fdch vied a informatiky\u00a0<strong>Univerzity Kon\u0161tant\u00edna Filozofa v Nitre<\/strong>\u00a0a Fakulty pr\u00edrodn\u00fdch vied\u00a0<strong>Univerzity sv. Cyrila a Metoda v Trnave<\/strong>, ktor\u00e9 je s\u00fa\u0165a\u017enou prehliadkou pr\u00e1c \u0161tudentov bakal\u00e1rskeho, magistersk\u00e9ho a doktorandsk\u00e9ho \u0161t\u00fadia.<\/p>\n\n\n\n<p><\/p>\n\n\n\n<p class=\"has-black-color has-text-color\">Term\u00edn konania:\u00a0<strong>4. apr\u00edla 2023<\/strong>\u00a0<\/p>\n\n\n\n<p class=\"has-black-color has-text-color\">Miesto konania: <strong>Fakulta pr\u00edrodn\u00fdch vied Univerzity Mateja Bela v Banskej Bystrici<\/strong>.<\/p>\n\n\n\n<p class=\"has-black-color has-text-color\">Term\u00edn pre odovzdanie pr\u00edspevkov je\u00a0<strong>19. marca 2023.<\/strong><\/p>\n\n\n\n<p class=\"has-black-color has-text-color has-medium-font-size\">V\u0161etky d\u00f4le\u017eit\u00e9 inform\u00e1cie n\u00e1jdete v\u00a0<a href=\"https:\/\/conferences.ukf.sk\/svk-2023\/index.html\">konferen\u010dnom syst\u00e9me \u0160VK<\/a><\/p>","protected":false},"excerpt":{"rendered":"<p>Srde\u010dne V\u00e1s poz\u00fdvame na spolo\u010dn\u00e9 vedeck\u00e9 podujatie Fakulty pr\u00edrodn\u00fdch vied\u00a0Univerzity Mateja Bela v Banskej Bystrici, Fakulty pr\u00edrodn\u00fdch vied a informatiky\u00a0Univerzity Kon\u0161tant\u00edna Filozofa v Nitre\u00a0a Fakulty pr\u00edrodn\u00fdch vied\u00a0Univerzity sv. Cyrila a Metoda v Trnave, ktor\u00e9 je s\u00fa\u0165a\u017enou prehliadkou pr\u00e1c \u0161tudentov bakal\u00e1rskeho, magistersk\u00e9ho a doktorandsk\u00e9ho \u0161t\u00fadia. Term\u00edn konania:\u00a04. apr\u00edla 2023\u00a0 Miesto konania: Fakulta pr\u00edrodn\u00fdch vied Univerzity Mateja&hellip; <br \/> <a class=\"read-more\" href=\"https:\/\/oddeleniebiologie.sk\/en\/studentska-vedecka-konferencia-2023\/\">Read more<\/a><\/p>","protected":false},"author":1,"featured_media":3394,"comment_status":"closed","ping_status":"closed","sticky":false,"template":"","format":"standard","meta":{"_monsterinsights_skip_tracking":false,"_monsterinsights_sitenote_active":false,"_monsterinsights_sitenote_note":"","_monsterinsights_sitenote_category":0,"ngg_post_thumbnail":0,"footnotes":""},"categories":[1],"tags":[],"class_list":["post-3395","post","type-post","status-publish","format-standard","has-post-thumbnail","hentry","category-nezaradene"],"yoast_head":"<!-- This site is optimized with the Yoast SEO plugin v27.5 - https:\/\/yoast.com\/product\/yoast-seo-wordpress\/ -->\n<title>\u0160tudentsk\u00e1 vedeck\u00e1 konferencia 2023 - oddeleniebiologie.sk<\/title>\n<meta name=\"robots\" content=\"index, follow, max-snippet:-1, max-image-preview:large, max-video-preview:-1\" \/>\n<link rel=\"canonical\" href=\"https:\/\/oddeleniebiologie.sk\/en\/studentska-vedecka-konferencia-2023\/\" \/>\n<meta property=\"og:locale\" content=\"en_US\" \/>\n<meta property=\"og:type\" content=\"article\" \/>\n<meta property=\"og:title\" content=\"\u0160tudentsk\u00e1 vedeck\u00e1 konferencia 2023 - oddeleniebiologie.sk\" \/>\n<meta property=\"og:description\" content=\"Srde\u010dne V\u00e1s poz\u00fdvame na spolo\u010dn\u00e9 vedeck\u00e9 podujatie Fakulty pr\u00edrodn\u00fdch vied\u00a0Univerzity Mateja Bela v Banskej Bystrici, Fakulty pr\u00edrodn\u00fdch vied a informatiky\u00a0Univerzity Kon\u0161tant\u00edna Filozofa v Nitre\u00a0a Fakulty pr\u00edrodn\u00fdch vied\u00a0Univerzity sv. Cyrila a Metoda v Trnave, ktor\u00e9 je s\u00fa\u0165a\u017enou prehliadkou pr\u00e1c \u0161tudentov bakal\u00e1rskeho, magistersk\u00e9ho a doktorandsk\u00e9ho \u0161t\u00fadia. Term\u00edn konania:\u00a04. apr\u00edla 2023\u00a0 Miesto konania: Fakulta pr\u00edrodn\u00fdch vied Univerzity Mateja&hellip; Read more\" \/>\n<meta property=\"og:url\" content=\"https:\/\/oddeleniebiologie.sk\/en\/studentska-vedecka-konferencia-2023\/\" \/>\n<meta property=\"og:site_name\" content=\"oddeleniebiologie.sk\" \/>\n<meta property=\"article:published_time\" content=\"2023-02-21T17:41:39+00:00\" \/>\n<meta property=\"article:modified_time\" content=\"2023-02-21T17:41:42+00:00\" \/>\n<meta property=\"og:image\" content=\"https:\/\/oddeleniebiologie.sk\/wp-content\/uploads\/2023\/02\/SVK_2023-scaled.jpg\" \/>\n\t<meta property=\"og:image:width\" content=\"1810\" \/>\n\t<meta property=\"og:image:height\" content=\"2560\" \/>\n\t<meta property=\"og:image:type\" content=\"image\/jpeg\" \/>\n<meta name=\"author\" content=\"miroslava.hlebova\" \/>\n<meta name=\"twitter:card\" content=\"summary_large_image\" \/>\n<meta name=\"twitter:label1\" content=\"Written by\" \/>\n\t<meta name=\"twitter:data1\" content=\"miroslava.hlebova\" \/>\n\t<meta name=\"twitter:label2\" content=\"Est. reading time\" \/>\n\t<meta name=\"twitter:data2\" content=\"1 minute\" \/>\n<script type=\"application\/ld+json\" class=\"yoast-schema-graph\">{\"@context\":\"https:\\\/\\\/schema.org\",\"@graph\":[{\"@type\":\"Article\",\"@id\":\"https:\\\/\\\/oddeleniebiologie.sk\\\/studentska-vedecka-konferencia-2023\\\/#article\",\"isPartOf\":{\"@id\":\"https:\\\/\\\/oddeleniebiologie.sk\\\/studentska-vedecka-konferencia-2023\\\/\"},\"author\":{\"name\":\"miroslava.hlebova\",\"@id\":\"https:\\\/\\\/oddeleniebiologie.sk\\\/#\\\/schema\\\/person\\\/6a0eb58da8fec753d78cfd094beced3e\"},\"headline\":\"\u0160tudentsk\u00e1 vedeck\u00e1 konferencia 2023\",\"datePublished\":\"2023-02-21T17:41:39+00:00\",\"dateModified\":\"2023-02-21T17:41:42+00:00\",\"mainEntityOfPage\":{\"@id\":\"https:\\\/\\\/oddeleniebiologie.sk\\\/studentska-vedecka-konferencia-2023\\\/\"},\"wordCount\":111,\"publisher\":{\"@id\":\"https:\\\/\\\/oddeleniebiologie.sk\\\/#organization\"},\"image\":{\"@id\":\"https:\\\/\\\/oddeleniebiologie.sk\\\/studentska-vedecka-konferencia-2023\\\/#primaryimage\"},\"thumbnailUrl\":\"https:\\\/\\\/oddeleniebiologie.sk\\\/wp-content\\\/uploads\\\/2023\\\/02\\\/SVK_2023-scaled.jpg\",\"articleSection\":[\"Nezaraden\u00e9\"],\"inLanguage\":\"en-US\"},{\"@type\":\"WebPage\",\"@id\":\"https:\\\/\\\/oddeleniebiologie.sk\\\/studentska-vedecka-konferencia-2023\\\/\",\"url\":\"https:\\\/\\\/oddeleniebiologie.sk\\\/studentska-vedecka-konferencia-2023\\\/\",\"name\":\"\u0160tudentsk\u00e1 vedeck\u00e1 konferencia 2023 - oddeleniebiologie.sk\",\"isPartOf\":{\"@id\":\"https:\\\/\\\/oddeleniebiologie.sk\\\/#website\"},\"primaryImageOfPage\":{\"@id\":\"https:\\\/\\\/oddeleniebiologie.sk\\\/studentska-vedecka-konferencia-2023\\\/#primaryimage\"},\"image\":{\"@id\":\"https:\\\/\\\/oddeleniebiologie.sk\\\/studentska-vedecka-konferencia-2023\\\/#primaryimage\"},\"thumbnailUrl\":\"https:\\\/\\\/oddeleniebiologie.sk\\\/wp-content\\\/uploads\\\/2023\\\/02\\\/SVK_2023-scaled.jpg\",\"datePublished\":\"2023-02-21T17:41:39+00:00\",\"dateModified\":\"2023-02-21T17:41:42+00:00\",\"breadcrumb\":{\"@id\":\"https:\\\/\\\/oddeleniebiologie.sk\\\/studentska-vedecka-konferencia-2023\\\/#breadcrumb\"},\"inLanguage\":\"en-US\",\"potentialAction\":[{\"@type\":\"ReadAction\",\"target\":[\"https:\\\/\\\/oddeleniebiologie.sk\\\/studentska-vedecka-konferencia-2023\\\/\"]}]},{\"@type\":\"ImageObject\",\"inLanguage\":\"en-US\",\"@id\":\"https:\\\/\\\/oddeleniebiologie.sk\\\/studentska-vedecka-konferencia-2023\\\/#primaryimage\",\"url\":\"https:\\\/\\\/oddeleniebiologie.sk\\\/wp-content\\\/uploads\\\/2023\\\/02\\\/SVK_2023-scaled.jpg\",\"contentUrl\":\"https:\\\/\\\/oddeleniebiologie.sk\\\/wp-content\\\/uploads\\\/2023\\\/02\\\/SVK_2023-scaled.jpg\",\"width\":1810,\"height\":2560},{\"@type\":\"BreadcrumbList\",\"@id\":\"https:\\\/\\\/oddeleniebiologie.sk\\\/studentska-vedecka-konferencia-2023\\\/#breadcrumb\",\"itemListElement\":[{\"@type\":\"ListItem\",\"position\":1,\"name\":\"Home\",\"item\":\"https:\\\/\\\/oddeleniebiologie.sk\\\/\"},{\"@type\":\"ListItem\",\"position\":2,\"name\":\"\u0160tudentsk\u00e1 vedeck\u00e1 konferencia 2023\"}]},{\"@type\":\"WebSite\",\"@id\":\"https:\\\/\\\/oddeleniebiologie.sk\\\/#website\",\"url\":\"https:\\\/\\\/oddeleniebiologie.sk\\\/\",\"name\":\"oddeleniebiologie.sk\",\"description\":\"Oddelenie biol\u00f3gie\",\"publisher\":{\"@id\":\"https:\\\/\\\/oddeleniebiologie.sk\\\/#organization\"},\"potentialAction\":[{\"@type\":\"SearchAction\",\"target\":{\"@type\":\"EntryPoint\",\"urlTemplate\":\"https:\\\/\\\/oddeleniebiologie.sk\\\/?s={search_term_string}\"},\"query-input\":{\"@type\":\"PropertyValueSpecification\",\"valueRequired\":true,\"valueName\":\"search_term_string\"}}],\"inLanguage\":\"en-US\"},{\"@type\":\"Organization\",\"@id\":\"https:\\\/\\\/oddeleniebiologie.sk\\\/#organization\",\"name\":\"oddeleniebiologie.sk\",\"url\":\"https:\\\/\\\/oddeleniebiologie.sk\\\/\",\"logo\":{\"@type\":\"ImageObject\",\"inLanguage\":\"en-US\",\"@id\":\"https:\\\/\\\/oddeleniebiologie.sk\\\/#\\\/schema\\\/logo\\\/image\\\/\",\"url\":\"https:\\\/\\\/oddeleniebiologie.sk\\\/wp-content\\\/uploads\\\/2023\\\/10\\\/cropped-Oddelenie-biologie.jpg\",\"contentUrl\":\"https:\\\/\\\/oddeleniebiologie.sk\\\/wp-content\\\/uploads\\\/2023\\\/10\\\/cropped-Oddelenie-biologie.jpg\",\"width\":454,\"height\":440,\"caption\":\"oddeleniebiologie.sk\"},\"image\":{\"@id\":\"https:\\\/\\\/oddeleniebiologie.sk\\\/#\\\/schema\\\/logo\\\/image\\\/\"}},{\"@type\":\"Person\",\"@id\":\"https:\\\/\\\/oddeleniebiologie.sk\\\/#\\\/schema\\\/person\\\/6a0eb58da8fec753d78cfd094beced3e\",\"name\":\"miroslava.hlebova\",\"image\":{\"@type\":\"ImageObject\",\"inLanguage\":\"en-US\",\"@id\":\"https:\\\/\\\/secure.gravatar.com\\\/avatar\\\/b8a4d5935cfefcc8c722a1a6c537955fd632261379a2d067bdf3a830305d65f8?s=96&d=mm&r=g\",\"url\":\"https:\\\/\\\/secure.gravatar.com\\\/avatar\\\/b8a4d5935cfefcc8c722a1a6c537955fd632261379a2d067bdf3a830305d65f8?s=96&d=mm&r=g\",\"contentUrl\":\"https:\\\/\\\/secure.gravatar.com\\\/avatar\\\/b8a4d5935cfefcc8c722a1a6c537955fd632261379a2d067bdf3a830305d65f8?s=96&d=mm&r=g\",\"caption\":\"miroslava.hlebova\"},\"sameAs\":[\"http:\\\/\\\/oddeleniebiologie.sk\"],\"url\":\"https:\\\/\\\/oddeleniebiologie.sk\\\/en\\\/author\\\/miroslava-hlebova\\\/\"}]}<\/script>\n<!-- \/ Yoast SEO plugin. -->","yoast_head_json":{"title":"\u0160tudentsk\u00e1 vedeck\u00e1 konferencia 2023 - oddeleniebiologie.sk","robots":{"index":"index","follow":"follow","max-snippet":"max-snippet:-1","max-image-preview":"max-image-preview:large","max-video-preview":"max-video-preview:-1"},"canonical":"https:\/\/oddeleniebiologie.sk\/en\/studentska-vedecka-konferencia-2023\/","og_locale":"en_US","og_type":"article","og_title":"\u0160tudentsk\u00e1 vedeck\u00e1 konferencia 2023 - oddeleniebiologie.sk","og_description":"Srde\u010dne V\u00e1s poz\u00fdvame na spolo\u010dn\u00e9 vedeck\u00e9 podujatie Fakulty pr\u00edrodn\u00fdch vied\u00a0Univerzity Mateja Bela v Banskej Bystrici, Fakulty pr\u00edrodn\u00fdch vied a informatiky\u00a0Univerzity Kon\u0161tant\u00edna Filozofa v Nitre\u00a0a Fakulty pr\u00edrodn\u00fdch vied\u00a0Univerzity sv. Cyrila a Metoda v Trnave, ktor\u00e9 je s\u00fa\u0165a\u017enou prehliadkou pr\u00e1c \u0161tudentov bakal\u00e1rskeho, magistersk\u00e9ho a doktorandsk\u00e9ho \u0161t\u00fadia. Term\u00edn konania:\u00a04. apr\u00edla 2023\u00a0 Miesto konania: Fakulta pr\u00edrodn\u00fdch vied Univerzity Mateja&hellip; Read more","og_url":"https:\/\/oddeleniebiologie.sk\/en\/studentska-vedecka-konferencia-2023\/","og_site_name":"oddeleniebiologie.sk","article_published_time":"2023-02-21T17:41:39+00:00","article_modified_time":"2023-02-21T17:41:42+00:00","og_image":[{"width":1810,"height":2560,"url":"https:\/\/oddeleniebiologie.sk\/wp-content\/uploads\/2023\/02\/SVK_2023-scaled.jpg","type":"image\/jpeg"}],"author":"miroslava.hlebova","twitter_card":"summary_large_image","twitter_misc":{"Written by":"miroslava.hlebova","Est. reading time":"1 minute"},"schema":{"@context":"https:\/\/schema.org","@graph":[{"@type":"Article","@id":"https:\/\/oddeleniebiologie.sk\/studentska-vedecka-konferencia-2023\/#article","isPartOf":{"@id":"https:\/\/oddeleniebiologie.sk\/studentska-vedecka-konferencia-2023\/"},"author":{"name":"miroslava.hlebova","@id":"https:\/\/oddeleniebiologie.sk\/#\/schema\/person\/6a0eb58da8fec753d78cfd094beced3e"},"headline":"\u0160tudentsk\u00e1 vedeck\u00e1 konferencia 2023","datePublished":"2023-02-21T17:41:39+00:00","dateModified":"2023-02-21T17:41:42+00:00","mainEntityOfPage":{"@id":"https:\/\/oddeleniebiologie.sk\/studentska-vedecka-konferencia-2023\/"},"wordCount":111,"publisher":{"@id":"https:\/\/oddeleniebiologie.sk\/#organization"},"image":{"@id":"https:\/\/oddeleniebiologie.sk\/studentska-vedecka-konferencia-2023\/#primaryimage"},"thumbnailUrl":"https:\/\/oddeleniebiologie.sk\/wp-content\/uploads\/2023\/02\/SVK_2023-scaled.jpg","articleSection":["Nezaraden\u00e9"],"inLanguage":"en-US"},{"@type":"WebPage","@id":"https:\/\/oddeleniebiologie.sk\/studentska-vedecka-konferencia-2023\/","url":"https:\/\/oddeleniebiologie.sk\/studentska-vedecka-konferencia-2023\/","name":"\u0160tudentsk\u00e1 vedeck\u00e1 konferencia 2023 - oddeleniebiologie.sk","isPartOf":{"@id":"https:\/\/oddeleniebiologie.sk\/#website"},"primaryImageOfPage":{"@id":"https:\/\/oddeleniebiologie.sk\/studentska-vedecka-konferencia-2023\/#primaryimage"},"image":{"@id":"https:\/\/oddeleniebiologie.sk\/studentska-vedecka-konferencia-2023\/#primaryimage"},"thumbnailUrl":"https:\/\/oddeleniebiologie.sk\/wp-content\/uploads\/2023\/02\/SVK_2023-scaled.jpg","datePublished":"2023-02-21T17:41:39+00:00","dateModified":"2023-02-21T17:41:42+00:00","breadcrumb":{"@id":"https:\/\/oddeleniebiologie.sk\/studentska-vedecka-konferencia-2023\/#breadcrumb"},"inLanguage":"en-US","potentialAction":[{"@type":"ReadAction","target":["https:\/\/oddeleniebiologie.sk\/studentska-vedecka-konferencia-2023\/"]}]},{"@type":"ImageObject","inLanguage":"en-US","@id":"https:\/\/oddeleniebiologie.sk\/studentska-vedecka-konferencia-2023\/#primaryimage","url":"https:\/\/oddeleniebiologie.sk\/wp-content\/uploads\/2023\/02\/SVK_2023-scaled.jpg","contentUrl":"https:\/\/oddeleniebiologie.sk\/wp-content\/uploads\/2023\/02\/SVK_2023-scaled.jpg","width":1810,"height":2560},{"@type":"BreadcrumbList","@id":"https:\/\/oddeleniebiologie.sk\/studentska-vedecka-konferencia-2023\/#breadcrumb","itemListElement":[{"@type":"ListItem","position":1,"name":"Home","item":"https:\/\/oddeleniebiologie.sk\/"},{"@type":"ListItem","position":2,"name":"\u0160tudentsk\u00e1 vedeck\u00e1 konferencia 2023"}]},{"@type":"WebSite","@id":"https:\/\/oddeleniebiologie.sk\/#website","url":"https:\/\/oddeleniebiologie.sk\/","name":"oddeleniebiologie.sk","description":"Oddelenie biol\u00f3gie","publisher":{"@id":"https:\/\/oddeleniebiologie.sk\/#organization"},"potentialAction":[{"@type":"SearchAction","target":{"@type":"EntryPoint","urlTemplate":"https:\/\/oddeleniebiologie.sk\/?s={search_term_string}"},"query-input":{"@type":"PropertyValueSpecification","valueRequired":true,"valueName":"search_term_string"}}],"inLanguage":"en-US"},{"@type":"Organization","@id":"https:\/\/oddeleniebiologie.sk\/#organization","name":"oddeleniebiologie.sk","url":"https:\/\/oddeleniebiologie.sk\/","logo":{"@type":"ImageObject","inLanguage":"en-US","@id":"https:\/\/oddeleniebiologie.sk\/#\/schema\/logo\/image\/","url":"https:\/\/oddeleniebiologie.sk\/wp-content\/uploads\/2023\/10\/cropped-Oddelenie-biologie.jpg","contentUrl":"https:\/\/oddeleniebiologie.sk\/wp-content\/uploads\/2023\/10\/cropped-Oddelenie-biologie.jpg","width":454,"height":440,"caption":"oddeleniebiologie.sk"},"image":{"@id":"https:\/\/oddeleniebiologie.sk\/#\/schema\/logo\/image\/"}},{"@type":"Person","@id":"https:\/\/oddeleniebiologie.sk\/#\/schema\/person\/6a0eb58da8fec753d78cfd094beced3e","name":"miroslava.hlebova","image":{"@type":"ImageObject","inLanguage":"en-US","@id":"https:\/\/secure.gravatar.com\/avatar\/b8a4d5935cfefcc8c722a1a6c537955fd632261379a2d067bdf3a830305d65f8?s=96&d=mm&r=g","url":"https:\/\/secure.gravatar.com\/avatar\/b8a4d5935cfefcc8c722a1a6c537955fd632261379a2d067bdf3a830305d65f8?s=96&d=mm&r=g","contentUrl":"https:\/\/secure.gravatar.com\/avatar\/b8a4d5935cfefcc8c722a1a6c537955fd632261379a2d067bdf3a830305d65f8?s=96&d=mm&r=g","caption":"miroslava.hlebova"},"sameAs":["http:\/\/oddeleniebiologie.sk"],"url":"https:\/\/oddeleniebiologie.sk\/en\/author\/miroslava-hlebova\/"}]}},"_links":{"self":[{"href":"https:\/\/oddeleniebiologie.sk\/en\/wp-json\/wp\/v2\/posts\/3395","targetHints":{"allow":["GET"]}}],"collection":[{"href":"https:\/\/oddeleniebiologie.sk\/en\/wp-json\/wp\/v2\/posts"}],"about":[{"href":"https:\/\/oddeleniebiologie.sk\/en\/wp-json\/wp\/v2\/types\/post"}],"author":[{"embeddable":true,"href":"https:\/\/oddeleniebiologie.sk\/en\/wp-json\/wp\/v2\/users\/1"}],"replies":[{"embeddable":true,"href":"https:\/\/oddeleniebiologie.sk\/en\/wp-json\/wp\/v2\/comments?post=3395"}],"version-history":[{"count":1,"href":"https:\/\/oddeleniebiologie.sk\/en\/wp-json\/wp\/v2\/posts\/3395\/revisions"}],"predecessor-version":[{"id":3396,"href":"https:\/\/oddeleniebiologie.sk\/en\/wp-json\/wp\/v2\/posts\/3395\/revisions\/3396"}],"wp:featuredmedia":[{"embeddable":true,"href":"https:\/\/oddeleniebiologie.sk\/en\/wp-json\/wp\/v2\/media\/3394"}],"wp:attachment":[{"href":"https:\/\/oddeleniebiologie.sk\/en\/wp-json\/wp\/v2\/media?parent=3395"}],"wp:term":[{"taxonomy":"category","embeddable":true,"href":"https:\/\/oddeleniebiologie.sk\/en\/wp-json\/wp\/v2\/categories?post=3395"},{"taxonomy":"post_tag","embeddable":true,"href":"https:\/\/oddeleniebiologie.sk\/en\/wp-json\/wp\/v2\/tags?post=3395"}],"curies":[{"name":"wp","href":"https:\/\/api.w.org\/{rel}","templated":true}]}}