{"id":4874,"date":"2025-03-15T13:07:57","date_gmt":"2025-03-15T12:07:57","guid":{"rendered":"https:\/\/katedrabiologie.sk\/?p=4874"},"modified":"2025-03-15T13:07:57","modified_gmt":"2025-03-15T12:07:57","slug":"studentska-vedecka-konferencia-2025","status":"publish","type":"post","link":"https:\/\/oddeleniebiologie.sk\/en\/studentska-vedecka-konferencia-2025\/","title":{"rendered":"\u0160tudentsk\u00e1 vedeck\u00e1 konferencia 2025"},"content":{"rendered":"<p>Poz\u00fdvame V\u00e1s na&nbsp;9.&nbsp;ro\u010dn\u00edk \u0160tudentskej vedeckej konferencie, ktor\u00fa spolo\u010dne organizuj\u00fa Fakulta pr\u00edrodn\u00fdch vied a&nbsp;informatiky UKF v&nbsp;Nitre, Fakulta pr\u00edrodn\u00fdch vied UMB v&nbsp;Banskej Bystrici a&nbsp;Fakulta pr\u00edrodn\u00fdch vied UCM v&nbsp;Trnave. Toto podujatie poskytuje priestor na&nbsp;prezent\u00e1ciu vedeck\u00fdch pr\u00e1c \u0161tudentov bakal\u00e1rskeho, magistersk\u00e9ho a&nbsp;doktorandsk\u00e9ho \u0161t\u00fadia.<\/p>\n\n\n\n<p><strong>Term\u00edn a&nbsp;miesto konania:<\/strong><\/p>\n\n\n\n<ul class=\"wp-block-list\">\n<li><strong>D\u00e1tum:<\/strong>&nbsp;9.&nbsp;apr\u00edl 2025<\/li>\n\n\n\n<li><strong>Miesto:<\/strong>&nbsp;Univerzita Kon\u0161tant\u00edna Filozofa v&nbsp;Nitre<\/li>\n<\/ul>\n\n\n\n<p><strong>D\u00f4le\u017eit\u00e9 term\u00edny:<\/strong><\/p>\n\n\n\n<ul class=\"wp-block-list\">\n<li><strong>Odovzdanie pr\u00e1ce:<\/strong>&nbsp;23.&nbsp;marec 2025&nbsp;<strong><a href=\"https:\/\/fpv.ucm.sk\/files\/sk\/aktuality\/studentska-vedecka-konferencia-2025\/sprievodca-scisubmit-systemom-ucastnik.pdf\">Manu\u00e1l&nbsp;pre&nbsp;vkladanie pr\u00edspevkov<\/a><\/strong><\/li>\n\n\n\n<li><strong>Potvrdenie prijatia pr\u00e1ce a&nbsp;spr\u00edstupnenie recenzn\u00e9ho posudku:<\/strong>&nbsp;31.&nbsp;marec 2025<\/li>\n\n\n\n<li><strong>Nahratie upravenej verzie pr\u00edspevku na&nbsp;z\u00e1klade recenzie a&nbsp;pripomienok komisie:<\/strong>&nbsp;25.&nbsp;apr\u00edl 2025<\/li>\n<\/ul>\n\n\n\n<p><strong>Webov\u00e1 str\u00e1nka konferencie:<\/strong>&nbsp;<a href=\"https:\/\/svk-ukf.sk\/\">https:\/\/svk-ukf.sk\/<\/a><\/p>\n\n\n\n<p>Te\u0161\u00edme sa na&nbsp;Va\u0161u \u00fa\u010das\u0165!<\/p>","protected":false},"excerpt":{"rendered":"<p>Poz\u00fdvame V\u00e1s na&nbsp;9.&nbsp;ro\u010dn\u00edk \u0160tudentskej vedeckej konferencie, ktor\u00fa spolo\u010dne organizuj\u00fa Fakulta pr\u00edrodn\u00fdch vied a&nbsp;informatiky UKF v&nbsp;Nitre, Fakulta pr\u00edrodn\u00fdch vied UMB v&nbsp;Banskej Bystrici a&nbsp;Fakulta pr\u00edrodn\u00fdch vied UCM v&nbsp;Trnave. Toto podujatie poskytuje priestor na&nbsp;prezent\u00e1ciu vedeck\u00fdch pr\u00e1c \u0161tudentov bakal\u00e1rskeho, magistersk\u00e9ho a&nbsp;doktorandsk\u00e9ho \u0161t\u00fadia. Term\u00edn a&nbsp;miesto konania: D\u00f4le\u017eit\u00e9 term\u00edny: Webov\u00e1 str\u00e1nka konferencie:&nbsp;https:\/\/svk-ukf.sk\/ Te\u0161\u00edme sa na&nbsp;Va\u0161u \u00fa\u010das\u0165!<\/p>","protected":false},"author":1,"featured_media":4875,"comment_status":"closed","ping_status":"closed","sticky":false,"template":"","format":"standard","meta":{"_monsterinsights_skip_tracking":false,"_monsterinsights_sitenote_active":false,"_monsterinsights_sitenote_note":"","_monsterinsights_sitenote_category":0,"ngg_post_thumbnail":0,"footnotes":""},"categories":[1],"tags":[],"class_list":["post-4874","post","type-post","status-publish","format-standard","has-post-thumbnail","hentry","category-nezaradene"],"yoast_head":"<!-- This site is optimized with the Yoast SEO plugin v27.5 - https:\/\/yoast.com\/product\/yoast-seo-wordpress\/ -->\n<title>\u0160tudentsk\u00e1 vedeck\u00e1 konferencia 2025 - oddeleniebiologie.sk<\/title>\n<meta name=\"robots\" content=\"index, follow, max-snippet:-1, max-image-preview:large, max-video-preview:-1\" \/>\n<link rel=\"canonical\" href=\"https:\/\/oddeleniebiologie.sk\/en\/studentska-vedecka-konferencia-2025\/\" \/>\n<meta property=\"og:locale\" content=\"en_US\" \/>\n<meta property=\"og:type\" content=\"article\" \/>\n<meta property=\"og:title\" content=\"\u0160tudentsk\u00e1 vedeck\u00e1 konferencia 2025 - oddeleniebiologie.sk\" \/>\n<meta property=\"og:description\" content=\"Poz\u00fdvame V\u00e1s na&nbsp;9.&nbsp;ro\u010dn\u00edk \u0160tudentskej vedeckej konferencie, ktor\u00fa spolo\u010dne organizuj\u00fa Fakulta pr\u00edrodn\u00fdch vied a&nbsp;informatiky UKF v&nbsp;Nitre, Fakulta pr\u00edrodn\u00fdch vied UMB v&nbsp;Banskej Bystrici a&nbsp;Fakulta pr\u00edrodn\u00fdch vied UCM v&nbsp;Trnave. Toto podujatie poskytuje priestor na&nbsp;prezent\u00e1ciu vedeck\u00fdch pr\u00e1c \u0161tudentov bakal\u00e1rskeho, magistersk\u00e9ho a&nbsp;doktorandsk\u00e9ho \u0161t\u00fadia. Term\u00edn a&nbsp;miesto konania: D\u00f4le\u017eit\u00e9 term\u00edny: Webov\u00e1 str\u00e1nka konferencie:&nbsp;https:\/\/svk-ukf.sk\/ Te\u0161\u00edme sa na&nbsp;Va\u0161u \u00fa\u010das\u0165!\" \/>\n<meta property=\"og:url\" content=\"https:\/\/oddeleniebiologie.sk\/en\/studentska-vedecka-konferencia-2025\/\" \/>\n<meta property=\"og:site_name\" content=\"oddeleniebiologie.sk\" \/>\n<meta property=\"article:published_time\" content=\"2025-03-15T12:07:57+00:00\" \/>\n<meta property=\"og:image\" content=\"https:\/\/oddeleniebiologie.sk\/wp-content\/uploads\/2025\/03\/ucm-konferencia.jpg\" \/>\n\t<meta property=\"og:image:width\" content=\"1414\" \/>\n\t<meta property=\"og:image:height\" content=\"2000\" \/>\n\t<meta property=\"og:image:type\" content=\"image\/jpeg\" \/>\n<meta name=\"author\" content=\"miroslava.hlebova\" \/>\n<meta name=\"twitter:card\" content=\"summary_large_image\" \/>\n<meta name=\"twitter:label1\" content=\"Written by\" \/>\n\t<meta name=\"twitter:data1\" content=\"miroslava.hlebova\" \/>\n\t<meta name=\"twitter:label2\" content=\"Est. reading time\" \/>\n\t<meta name=\"twitter:data2\" content=\"1 minute\" \/>\n<script type=\"application\/ld+json\" class=\"yoast-schema-graph\">{\"@context\":\"https:\\\/\\\/schema.org\",\"@graph\":[{\"@type\":\"Article\",\"@id\":\"https:\\\/\\\/oddeleniebiologie.sk\\\/studentska-vedecka-konferencia-2025\\\/#article\",\"isPartOf\":{\"@id\":\"https:\\\/\\\/oddeleniebiologie.sk\\\/studentska-vedecka-konferencia-2025\\\/\"},\"author\":{\"name\":\"miroslava.hlebova\",\"@id\":\"https:\\\/\\\/oddeleniebiologie.sk\\\/#\\\/schema\\\/person\\\/6a0eb58da8fec753d78cfd094beced3e\"},\"headline\":\"\u0160tudentsk\u00e1 vedeck\u00e1 konferencia 2025\",\"datePublished\":\"2025-03-15T12:07:57+00:00\",\"mainEntityOfPage\":{\"@id\":\"https:\\\/\\\/oddeleniebiologie.sk\\\/studentska-vedecka-konferencia-2025\\\/\"},\"wordCount\":166,\"publisher\":{\"@id\":\"https:\\\/\\\/oddeleniebiologie.sk\\\/#organization\"},\"image\":{\"@id\":\"https:\\\/\\\/oddeleniebiologie.sk\\\/studentska-vedecka-konferencia-2025\\\/#primaryimage\"},\"thumbnailUrl\":\"https:\\\/\\\/oddeleniebiologie.sk\\\/wp-content\\\/uploads\\\/2025\\\/03\\\/ucm-konferencia.jpg\",\"articleSection\":[\"Nezaraden\u00e9\"],\"inLanguage\":\"en-US\"},{\"@type\":\"WebPage\",\"@id\":\"https:\\\/\\\/oddeleniebiologie.sk\\\/studentska-vedecka-konferencia-2025\\\/\",\"url\":\"https:\\\/\\\/oddeleniebiologie.sk\\\/studentska-vedecka-konferencia-2025\\\/\",\"name\":\"\u0160tudentsk\u00e1 vedeck\u00e1 konferencia 2025 - oddeleniebiologie.sk\",\"isPartOf\":{\"@id\":\"https:\\\/\\\/oddeleniebiologie.sk\\\/#website\"},\"primaryImageOfPage\":{\"@id\":\"https:\\\/\\\/oddeleniebiologie.sk\\\/studentska-vedecka-konferencia-2025\\\/#primaryimage\"},\"image\":{\"@id\":\"https:\\\/\\\/oddeleniebiologie.sk\\\/studentska-vedecka-konferencia-2025\\\/#primaryimage\"},\"thumbnailUrl\":\"https:\\\/\\\/oddeleniebiologie.sk\\\/wp-content\\\/uploads\\\/2025\\\/03\\\/ucm-konferencia.jpg\",\"datePublished\":\"2025-03-15T12:07:57+00:00\",\"breadcrumb\":{\"@id\":\"https:\\\/\\\/oddeleniebiologie.sk\\\/studentska-vedecka-konferencia-2025\\\/#breadcrumb\"},\"inLanguage\":\"en-US\",\"potentialAction\":[{\"@type\":\"ReadAction\",\"target\":[\"https:\\\/\\\/oddeleniebiologie.sk\\\/studentska-vedecka-konferencia-2025\\\/\"]}]},{\"@type\":\"ImageObject\",\"inLanguage\":\"en-US\",\"@id\":\"https:\\\/\\\/oddeleniebiologie.sk\\\/studentska-vedecka-konferencia-2025\\\/#primaryimage\",\"url\":\"https:\\\/\\\/oddeleniebiologie.sk\\\/wp-content\\\/uploads\\\/2025\\\/03\\\/ucm-konferencia.jpg\",\"contentUrl\":\"https:\\\/\\\/oddeleniebiologie.sk\\\/wp-content\\\/uploads\\\/2025\\\/03\\\/ucm-konferencia.jpg\",\"width\":1414,\"height\":2000},{\"@type\":\"BreadcrumbList\",\"@id\":\"https:\\\/\\\/oddeleniebiologie.sk\\\/studentska-vedecka-konferencia-2025\\\/#breadcrumb\",\"itemListElement\":[{\"@type\":\"ListItem\",\"position\":1,\"name\":\"Home\",\"item\":\"https:\\\/\\\/oddeleniebiologie.sk\\\/\"},{\"@type\":\"ListItem\",\"position\":2,\"name\":\"\u0160tudentsk\u00e1 vedeck\u00e1 konferencia 2025\"}]},{\"@type\":\"WebSite\",\"@id\":\"https:\\\/\\\/oddeleniebiologie.sk\\\/#website\",\"url\":\"https:\\\/\\\/oddeleniebiologie.sk\\\/\",\"name\":\"oddeleniebiologie.sk\",\"description\":\"Oddelenie biol\u00f3gie\",\"publisher\":{\"@id\":\"https:\\\/\\\/oddeleniebiologie.sk\\\/#organization\"},\"potentialAction\":[{\"@type\":\"SearchAction\",\"target\":{\"@type\":\"EntryPoint\",\"urlTemplate\":\"https:\\\/\\\/oddeleniebiologie.sk\\\/?s={search_term_string}\"},\"query-input\":{\"@type\":\"PropertyValueSpecification\",\"valueRequired\":true,\"valueName\":\"search_term_string\"}}],\"inLanguage\":\"en-US\"},{\"@type\":\"Organization\",\"@id\":\"https:\\\/\\\/oddeleniebiologie.sk\\\/#organization\",\"name\":\"oddeleniebiologie.sk\",\"url\":\"https:\\\/\\\/oddeleniebiologie.sk\\\/\",\"logo\":{\"@type\":\"ImageObject\",\"inLanguage\":\"en-US\",\"@id\":\"https:\\\/\\\/oddeleniebiologie.sk\\\/#\\\/schema\\\/logo\\\/image\\\/\",\"url\":\"https:\\\/\\\/oddeleniebiologie.sk\\\/wp-content\\\/uploads\\\/2023\\\/10\\\/cropped-Oddelenie-biologie.jpg\",\"contentUrl\":\"https:\\\/\\\/oddeleniebiologie.sk\\\/wp-content\\\/uploads\\\/2023\\\/10\\\/cropped-Oddelenie-biologie.jpg\",\"width\":454,\"height\":440,\"caption\":\"oddeleniebiologie.sk\"},\"image\":{\"@id\":\"https:\\\/\\\/oddeleniebiologie.sk\\\/#\\\/schema\\\/logo\\\/image\\\/\"}},{\"@type\":\"Person\",\"@id\":\"https:\\\/\\\/oddeleniebiologie.sk\\\/#\\\/schema\\\/person\\\/6a0eb58da8fec753d78cfd094beced3e\",\"name\":\"miroslava.hlebova\",\"image\":{\"@type\":\"ImageObject\",\"inLanguage\":\"en-US\",\"@id\":\"https:\\\/\\\/secure.gravatar.com\\\/avatar\\\/b8a4d5935cfefcc8c722a1a6c537955fd632261379a2d067bdf3a830305d65f8?s=96&d=mm&r=g\",\"url\":\"https:\\\/\\\/secure.gravatar.com\\\/avatar\\\/b8a4d5935cfefcc8c722a1a6c537955fd632261379a2d067bdf3a830305d65f8?s=96&d=mm&r=g\",\"contentUrl\":\"https:\\\/\\\/secure.gravatar.com\\\/avatar\\\/b8a4d5935cfefcc8c722a1a6c537955fd632261379a2d067bdf3a830305d65f8?s=96&d=mm&r=g\",\"caption\":\"miroslava.hlebova\"},\"sameAs\":[\"http:\\\/\\\/oddeleniebiologie.sk\"],\"url\":\"https:\\\/\\\/oddeleniebiologie.sk\\\/en\\\/author\\\/miroslava-hlebova\\\/\"}]}<\/script>\n<!-- \/ Yoast SEO plugin. -->","yoast_head_json":{"title":"\u0160tudentsk\u00e1 vedeck\u00e1 konferencia 2025 - oddeleniebiologie.sk","robots":{"index":"index","follow":"follow","max-snippet":"max-snippet:-1","max-image-preview":"max-image-preview:large","max-video-preview":"max-video-preview:-1"},"canonical":"https:\/\/oddeleniebiologie.sk\/en\/studentska-vedecka-konferencia-2025\/","og_locale":"en_US","og_type":"article","og_title":"\u0160tudentsk\u00e1 vedeck\u00e1 konferencia 2025 - oddeleniebiologie.sk","og_description":"Poz\u00fdvame V\u00e1s na&nbsp;9.&nbsp;ro\u010dn\u00edk \u0160tudentskej vedeckej konferencie, ktor\u00fa spolo\u010dne organizuj\u00fa Fakulta pr\u00edrodn\u00fdch vied a&nbsp;informatiky UKF v&nbsp;Nitre, Fakulta pr\u00edrodn\u00fdch vied UMB v&nbsp;Banskej Bystrici a&nbsp;Fakulta pr\u00edrodn\u00fdch vied UCM v&nbsp;Trnave. Toto podujatie poskytuje priestor na&nbsp;prezent\u00e1ciu vedeck\u00fdch pr\u00e1c \u0161tudentov bakal\u00e1rskeho, magistersk\u00e9ho a&nbsp;doktorandsk\u00e9ho \u0161t\u00fadia. Term\u00edn a&nbsp;miesto konania: D\u00f4le\u017eit\u00e9 term\u00edny: Webov\u00e1 str\u00e1nka konferencie:&nbsp;https:\/\/svk-ukf.sk\/ Te\u0161\u00edme sa na&nbsp;Va\u0161u \u00fa\u010das\u0165!","og_url":"https:\/\/oddeleniebiologie.sk\/en\/studentska-vedecka-konferencia-2025\/","og_site_name":"oddeleniebiologie.sk","article_published_time":"2025-03-15T12:07:57+00:00","og_image":[{"width":1414,"height":2000,"url":"https:\/\/oddeleniebiologie.sk\/wp-content\/uploads\/2025\/03\/ucm-konferencia.jpg","type":"image\/jpeg"}],"author":"miroslava.hlebova","twitter_card":"summary_large_image","twitter_misc":{"Written by":"miroslava.hlebova","Est. reading time":"1 minute"},"schema":{"@context":"https:\/\/schema.org","@graph":[{"@type":"Article","@id":"https:\/\/oddeleniebiologie.sk\/studentska-vedecka-konferencia-2025\/#article","isPartOf":{"@id":"https:\/\/oddeleniebiologie.sk\/studentska-vedecka-konferencia-2025\/"},"author":{"name":"miroslava.hlebova","@id":"https:\/\/oddeleniebiologie.sk\/#\/schema\/person\/6a0eb58da8fec753d78cfd094beced3e"},"headline":"\u0160tudentsk\u00e1 vedeck\u00e1 konferencia 2025","datePublished":"2025-03-15T12:07:57+00:00","mainEntityOfPage":{"@id":"https:\/\/oddeleniebiologie.sk\/studentska-vedecka-konferencia-2025\/"},"wordCount":166,"publisher":{"@id":"https:\/\/oddeleniebiologie.sk\/#organization"},"image":{"@id":"https:\/\/oddeleniebiologie.sk\/studentska-vedecka-konferencia-2025\/#primaryimage"},"thumbnailUrl":"https:\/\/oddeleniebiologie.sk\/wp-content\/uploads\/2025\/03\/ucm-konferencia.jpg","articleSection":["Nezaraden\u00e9"],"inLanguage":"en-US"},{"@type":"WebPage","@id":"https:\/\/oddeleniebiologie.sk\/studentska-vedecka-konferencia-2025\/","url":"https:\/\/oddeleniebiologie.sk\/studentska-vedecka-konferencia-2025\/","name":"\u0160tudentsk\u00e1 vedeck\u00e1 konferencia 2025 - oddeleniebiologie.sk","isPartOf":{"@id":"https:\/\/oddeleniebiologie.sk\/#website"},"primaryImageOfPage":{"@id":"https:\/\/oddeleniebiologie.sk\/studentska-vedecka-konferencia-2025\/#primaryimage"},"image":{"@id":"https:\/\/oddeleniebiologie.sk\/studentska-vedecka-konferencia-2025\/#primaryimage"},"thumbnailUrl":"https:\/\/oddeleniebiologie.sk\/wp-content\/uploads\/2025\/03\/ucm-konferencia.jpg","datePublished":"2025-03-15T12:07:57+00:00","breadcrumb":{"@id":"https:\/\/oddeleniebiologie.sk\/studentska-vedecka-konferencia-2025\/#breadcrumb"},"inLanguage":"en-US","potentialAction":[{"@type":"ReadAction","target":["https:\/\/oddeleniebiologie.sk\/studentska-vedecka-konferencia-2025\/"]}]},{"@type":"ImageObject","inLanguage":"en-US","@id":"https:\/\/oddeleniebiologie.sk\/studentska-vedecka-konferencia-2025\/#primaryimage","url":"https:\/\/oddeleniebiologie.sk\/wp-content\/uploads\/2025\/03\/ucm-konferencia.jpg","contentUrl":"https:\/\/oddeleniebiologie.sk\/wp-content\/uploads\/2025\/03\/ucm-konferencia.jpg","width":1414,"height":2000},{"@type":"BreadcrumbList","@id":"https:\/\/oddeleniebiologie.sk\/studentska-vedecka-konferencia-2025\/#breadcrumb","itemListElement":[{"@type":"ListItem","position":1,"name":"Home","item":"https:\/\/oddeleniebiologie.sk\/"},{"@type":"ListItem","position":2,"name":"\u0160tudentsk\u00e1 vedeck\u00e1 konferencia 2025"}]},{"@type":"WebSite","@id":"https:\/\/oddeleniebiologie.sk\/#website","url":"https:\/\/oddeleniebiologie.sk\/","name":"oddeleniebiologie.sk","description":"Oddelenie biol\u00f3gie","publisher":{"@id":"https:\/\/oddeleniebiologie.sk\/#organization"},"potentialAction":[{"@type":"SearchAction","target":{"@type":"EntryPoint","urlTemplate":"https:\/\/oddeleniebiologie.sk\/?s={search_term_string}"},"query-input":{"@type":"PropertyValueSpecification","valueRequired":true,"valueName":"search_term_string"}}],"inLanguage":"en-US"},{"@type":"Organization","@id":"https:\/\/oddeleniebiologie.sk\/#organization","name":"oddeleniebiologie.sk","url":"https:\/\/oddeleniebiologie.sk\/","logo":{"@type":"ImageObject","inLanguage":"en-US","@id":"https:\/\/oddeleniebiologie.sk\/#\/schema\/logo\/image\/","url":"https:\/\/oddeleniebiologie.sk\/wp-content\/uploads\/2023\/10\/cropped-Oddelenie-biologie.jpg","contentUrl":"https:\/\/oddeleniebiologie.sk\/wp-content\/uploads\/2023\/10\/cropped-Oddelenie-biologie.jpg","width":454,"height":440,"caption":"oddeleniebiologie.sk"},"image":{"@id":"https:\/\/oddeleniebiologie.sk\/#\/schema\/logo\/image\/"}},{"@type":"Person","@id":"https:\/\/oddeleniebiologie.sk\/#\/schema\/person\/6a0eb58da8fec753d78cfd094beced3e","name":"miroslava.hlebova","image":{"@type":"ImageObject","inLanguage":"en-US","@id":"https:\/\/secure.gravatar.com\/avatar\/b8a4d5935cfefcc8c722a1a6c537955fd632261379a2d067bdf3a830305d65f8?s=96&d=mm&r=g","url":"https:\/\/secure.gravatar.com\/avatar\/b8a4d5935cfefcc8c722a1a6c537955fd632261379a2d067bdf3a830305d65f8?s=96&d=mm&r=g","contentUrl":"https:\/\/secure.gravatar.com\/avatar\/b8a4d5935cfefcc8c722a1a6c537955fd632261379a2d067bdf3a830305d65f8?s=96&d=mm&r=g","caption":"miroslava.hlebova"},"sameAs":["http:\/\/oddeleniebiologie.sk"],"url":"https:\/\/oddeleniebiologie.sk\/en\/author\/miroslava-hlebova\/"}]}},"_links":{"self":[{"href":"https:\/\/oddeleniebiologie.sk\/en\/wp-json\/wp\/v2\/posts\/4874","targetHints":{"allow":["GET"]}}],"collection":[{"href":"https:\/\/oddeleniebiologie.sk\/en\/wp-json\/wp\/v2\/posts"}],"about":[{"href":"https:\/\/oddeleniebiologie.sk\/en\/wp-json\/wp\/v2\/types\/post"}],"author":[{"embeddable":true,"href":"https:\/\/oddeleniebiologie.sk\/en\/wp-json\/wp\/v2\/users\/1"}],"replies":[{"embeddable":true,"href":"https:\/\/oddeleniebiologie.sk\/en\/wp-json\/wp\/v2\/comments?post=4874"}],"version-history":[{"count":1,"href":"https:\/\/oddeleniebiologie.sk\/en\/wp-json\/wp\/v2\/posts\/4874\/revisions"}],"predecessor-version":[{"id":4876,"href":"https:\/\/oddeleniebiologie.sk\/en\/wp-json\/wp\/v2\/posts\/4874\/revisions\/4876"}],"wp:featuredmedia":[{"embeddable":true,"href":"https:\/\/oddeleniebiologie.sk\/en\/wp-json\/wp\/v2\/media\/4875"}],"wp:attachment":[{"href":"https:\/\/oddeleniebiologie.sk\/en\/wp-json\/wp\/v2\/media?parent=4874"}],"wp:term":[{"taxonomy":"category","embeddable":true,"href":"https:\/\/oddeleniebiologie.sk\/en\/wp-json\/wp\/v2\/categories?post=4874"},{"taxonomy":"post_tag","embeddable":true,"href":"https:\/\/oddeleniebiologie.sk\/en\/wp-json\/wp\/v2\/tags?post=4874"}],"curies":[{"name":"wp","href":"https:\/\/api.w.org\/{rel}","templated":true}]}}