{"id":5011,"date":"2025-10-29T12:49:52","date_gmt":"2025-10-29T11:49:52","guid":{"rendered":"https:\/\/oddeleniebiologie.sk\/?p=5011"},"modified":"2025-10-29T12:50:07","modified_gmt":"2025-10-29T11:50:07","slug":"den-otvorenych-dveri","status":"publish","type":"post","link":"https:\/\/oddeleniebiologie.sk\/en\/den-otvorenych-dveri\/","title":{"rendered":"De\u0148 otvoren\u00fdch dver\u00ed"},"content":{"rendered":"<p class=\"has-black-color has-text-color has-link-color has-medium-font-size wp-elements-eb92ffa69d89d9ebe9e812f307806afe\">D\u0148a <strong>11.11.2025<\/strong> sa od <strong>9:00 do 12:00<\/strong> na V\u00e1s srde\u010dne te\u0161\u00edme na <strong>dni otvoren\u00fdch dver\u00ed (DOD)<\/strong> <strong>Fakulty pr\u00edrodn\u00fdch vied, UCM <\/strong>na <strong>Hlavnej 6 v \u0160pa\u010dinciach<\/strong>!<\/p>","protected":false},"excerpt":{"rendered":"<p>D\u0148a 11.11.2025 sa od 9:00 do 12:00 na V\u00e1s srde\u010dne te\u0161\u00edme na dni otvoren\u00fdch dver\u00ed (DOD) Fakulty pr\u00edrodn\u00fdch vied, UCM na Hlavnej 6 v \u0160pa\u010dinciach!<\/p>","protected":false},"author":1,"featured_media":5013,"comment_status":"closed","ping_status":"closed","sticky":false,"template":"","format":"standard","meta":{"_monsterinsights_skip_tracking":false,"_monsterinsights_sitenote_active":false,"_monsterinsights_sitenote_note":"","_monsterinsights_sitenote_category":0,"ngg_post_thumbnail":0,"footnotes":""},"categories":[1],"tags":[],"class_list":["post-5011","post","type-post","status-publish","format-standard","has-post-thumbnail","hentry","category-nezaradene"],"yoast_head":"<!-- This site is optimized with the Yoast SEO plugin v27.5 - https:\/\/yoast.com\/product\/yoast-seo-wordpress\/ -->\n<title>De\u0148 otvoren\u00fdch dver\u00ed - oddeleniebiologie.sk<\/title>\n<meta name=\"robots\" content=\"index, follow, max-snippet:-1, max-image-preview:large, max-video-preview:-1\" \/>\n<link rel=\"canonical\" href=\"https:\/\/oddeleniebiologie.sk\/en\/den-otvorenych-dveri\/\" \/>\n<meta property=\"og:locale\" content=\"en_US\" \/>\n<meta property=\"og:type\" content=\"article\" \/>\n<meta property=\"og:title\" content=\"De\u0148 otvoren\u00fdch dver\u00ed - oddeleniebiologie.sk\" \/>\n<meta property=\"og:description\" content=\"D\u0148a 11.11.2025 sa od 9:00 do 12:00 na V\u00e1s srde\u010dne te\u0161\u00edme na dni otvoren\u00fdch dver\u00ed (DOD) Fakulty pr\u00edrodn\u00fdch vied, UCM na Hlavnej 6 v \u0160pa\u010dinciach!\" \/>\n<meta property=\"og:url\" content=\"https:\/\/oddeleniebiologie.sk\/en\/den-otvorenych-dveri\/\" \/>\n<meta property=\"og:site_name\" content=\"oddeleniebiologie.sk\" \/>\n<meta property=\"article:published_time\" content=\"2025-10-29T11:49:52+00:00\" \/>\n<meta property=\"article:modified_time\" content=\"2025-10-29T11:50:07+00:00\" \/>\n<meta property=\"og:image\" content=\"https:\/\/oddeleniebiologie.sk\/wp-content\/uploads\/2025\/10\/Snimka-obrazovky-2025-10-29-124537.jpg\" \/>\n\t<meta property=\"og:image:width\" content=\"551\" \/>\n\t<meta property=\"og:image:height\" content=\"765\" \/>\n\t<meta property=\"og:image:type\" content=\"image\/jpeg\" \/>\n<meta name=\"author\" content=\"miroslava.hlebova\" \/>\n<meta name=\"twitter:card\" content=\"summary_large_image\" \/>\n<meta name=\"twitter:label1\" content=\"Written by\" \/>\n\t<meta name=\"twitter:data1\" content=\"miroslava.hlebova\" \/>\n\t<meta name=\"twitter:label2\" content=\"Est. reading time\" \/>\n\t<meta name=\"twitter:data2\" content=\"1 minute\" \/>\n<script type=\"application\/ld+json\" class=\"yoast-schema-graph\">{\"@context\":\"https:\\\/\\\/schema.org\",\"@graph\":[{\"@type\":\"Article\",\"@id\":\"https:\\\/\\\/oddeleniebiologie.sk\\\/den-otvorenych-dveri\\\/#article\",\"isPartOf\":{\"@id\":\"https:\\\/\\\/oddeleniebiologie.sk\\\/den-otvorenych-dveri\\\/\"},\"author\":{\"name\":\"miroslava.hlebova\",\"@id\":\"https:\\\/\\\/oddeleniebiologie.sk\\\/#\\\/schema\\\/person\\\/6a0eb58da8fec753d78cfd094beced3e\"},\"headline\":\"De\u0148 otvoren\u00fdch dver\u00ed\",\"datePublished\":\"2025-10-29T11:49:52+00:00\",\"dateModified\":\"2025-10-29T11:50:07+00:00\",\"mainEntityOfPage\":{\"@id\":\"https:\\\/\\\/oddeleniebiologie.sk\\\/den-otvorenych-dveri\\\/\"},\"wordCount\":33,\"publisher\":{\"@id\":\"https:\\\/\\\/oddeleniebiologie.sk\\\/#organization\"},\"image\":{\"@id\":\"https:\\\/\\\/oddeleniebiologie.sk\\\/den-otvorenych-dveri\\\/#primaryimage\"},\"thumbnailUrl\":\"https:\\\/\\\/oddeleniebiologie.sk\\\/wp-content\\\/uploads\\\/2025\\\/10\\\/Snimka-obrazovky-2025-10-29-124537.jpg\",\"articleSection\":[\"Nezaraden\u00e9\"],\"inLanguage\":\"en-US\"},{\"@type\":\"WebPage\",\"@id\":\"https:\\\/\\\/oddeleniebiologie.sk\\\/den-otvorenych-dveri\\\/\",\"url\":\"https:\\\/\\\/oddeleniebiologie.sk\\\/den-otvorenych-dveri\\\/\",\"name\":\"De\u0148 otvoren\u00fdch dver\u00ed - oddeleniebiologie.sk\",\"isPartOf\":{\"@id\":\"https:\\\/\\\/oddeleniebiologie.sk\\\/#website\"},\"primaryImageOfPage\":{\"@id\":\"https:\\\/\\\/oddeleniebiologie.sk\\\/den-otvorenych-dveri\\\/#primaryimage\"},\"image\":{\"@id\":\"https:\\\/\\\/oddeleniebiologie.sk\\\/den-otvorenych-dveri\\\/#primaryimage\"},\"thumbnailUrl\":\"https:\\\/\\\/oddeleniebiologie.sk\\\/wp-content\\\/uploads\\\/2025\\\/10\\\/Snimka-obrazovky-2025-10-29-124537.jpg\",\"datePublished\":\"2025-10-29T11:49:52+00:00\",\"dateModified\":\"2025-10-29T11:50:07+00:00\",\"breadcrumb\":{\"@id\":\"https:\\\/\\\/oddeleniebiologie.sk\\\/den-otvorenych-dveri\\\/#breadcrumb\"},\"inLanguage\":\"en-US\",\"potentialAction\":[{\"@type\":\"ReadAction\",\"target\":[\"https:\\\/\\\/oddeleniebiologie.sk\\\/den-otvorenych-dveri\\\/\"]}]},{\"@type\":\"ImageObject\",\"inLanguage\":\"en-US\",\"@id\":\"https:\\\/\\\/oddeleniebiologie.sk\\\/den-otvorenych-dveri\\\/#primaryimage\",\"url\":\"https:\\\/\\\/oddeleniebiologie.sk\\\/wp-content\\\/uploads\\\/2025\\\/10\\\/Snimka-obrazovky-2025-10-29-124537.jpg\",\"contentUrl\":\"https:\\\/\\\/oddeleniebiologie.sk\\\/wp-content\\\/uploads\\\/2025\\\/10\\\/Snimka-obrazovky-2025-10-29-124537.jpg\",\"width\":551,\"height\":765},{\"@type\":\"BreadcrumbList\",\"@id\":\"https:\\\/\\\/oddeleniebiologie.sk\\\/den-otvorenych-dveri\\\/#breadcrumb\",\"itemListElement\":[{\"@type\":\"ListItem\",\"position\":1,\"name\":\"Home\",\"item\":\"https:\\\/\\\/oddeleniebiologie.sk\\\/\"},{\"@type\":\"ListItem\",\"position\":2,\"name\":\"De\u0148 otvoren\u00fdch dver\u00ed\"}]},{\"@type\":\"WebSite\",\"@id\":\"https:\\\/\\\/oddeleniebiologie.sk\\\/#website\",\"url\":\"https:\\\/\\\/oddeleniebiologie.sk\\\/\",\"name\":\"oddeleniebiologie.sk\",\"description\":\"Oddelenie biol\u00f3gie\",\"publisher\":{\"@id\":\"https:\\\/\\\/oddeleniebiologie.sk\\\/#organization\"},\"potentialAction\":[{\"@type\":\"SearchAction\",\"target\":{\"@type\":\"EntryPoint\",\"urlTemplate\":\"https:\\\/\\\/oddeleniebiologie.sk\\\/?s={search_term_string}\"},\"query-input\":{\"@type\":\"PropertyValueSpecification\",\"valueRequired\":true,\"valueName\":\"search_term_string\"}}],\"inLanguage\":\"en-US\"},{\"@type\":\"Organization\",\"@id\":\"https:\\\/\\\/oddeleniebiologie.sk\\\/#organization\",\"name\":\"oddeleniebiologie.sk\",\"url\":\"https:\\\/\\\/oddeleniebiologie.sk\\\/\",\"logo\":{\"@type\":\"ImageObject\",\"inLanguage\":\"en-US\",\"@id\":\"https:\\\/\\\/oddeleniebiologie.sk\\\/#\\\/schema\\\/logo\\\/image\\\/\",\"url\":\"https:\\\/\\\/oddeleniebiologie.sk\\\/wp-content\\\/uploads\\\/2023\\\/10\\\/cropped-Oddelenie-biologie.jpg\",\"contentUrl\":\"https:\\\/\\\/oddeleniebiologie.sk\\\/wp-content\\\/uploads\\\/2023\\\/10\\\/cropped-Oddelenie-biologie.jpg\",\"width\":454,\"height\":440,\"caption\":\"oddeleniebiologie.sk\"},\"image\":{\"@id\":\"https:\\\/\\\/oddeleniebiologie.sk\\\/#\\\/schema\\\/logo\\\/image\\\/\"}},{\"@type\":\"Person\",\"@id\":\"https:\\\/\\\/oddeleniebiologie.sk\\\/#\\\/schema\\\/person\\\/6a0eb58da8fec753d78cfd094beced3e\",\"name\":\"miroslava.hlebova\",\"image\":{\"@type\":\"ImageObject\",\"inLanguage\":\"en-US\",\"@id\":\"https:\\\/\\\/secure.gravatar.com\\\/avatar\\\/b8a4d5935cfefcc8c722a1a6c537955fd632261379a2d067bdf3a830305d65f8?s=96&d=mm&r=g\",\"url\":\"https:\\\/\\\/secure.gravatar.com\\\/avatar\\\/b8a4d5935cfefcc8c722a1a6c537955fd632261379a2d067bdf3a830305d65f8?s=96&d=mm&r=g\",\"contentUrl\":\"https:\\\/\\\/secure.gravatar.com\\\/avatar\\\/b8a4d5935cfefcc8c722a1a6c537955fd632261379a2d067bdf3a830305d65f8?s=96&d=mm&r=g\",\"caption\":\"miroslava.hlebova\"},\"sameAs\":[\"http:\\\/\\\/oddeleniebiologie.sk\"],\"url\":\"https:\\\/\\\/oddeleniebiologie.sk\\\/en\\\/author\\\/miroslava-hlebova\\\/\"}]}<\/script>\n<!-- \/ Yoast SEO plugin. -->","yoast_head_json":{"title":"De\u0148 otvoren\u00fdch dver\u00ed - oddeleniebiologie.sk","robots":{"index":"index","follow":"follow","max-snippet":"max-snippet:-1","max-image-preview":"max-image-preview:large","max-video-preview":"max-video-preview:-1"},"canonical":"https:\/\/oddeleniebiologie.sk\/en\/den-otvorenych-dveri\/","og_locale":"en_US","og_type":"article","og_title":"De\u0148 otvoren\u00fdch dver\u00ed - oddeleniebiologie.sk","og_description":"D\u0148a 11.11.2025 sa od 9:00 do 12:00 na V\u00e1s srde\u010dne te\u0161\u00edme na dni otvoren\u00fdch dver\u00ed (DOD) Fakulty pr\u00edrodn\u00fdch vied, UCM na Hlavnej 6 v \u0160pa\u010dinciach!","og_url":"https:\/\/oddeleniebiologie.sk\/en\/den-otvorenych-dveri\/","og_site_name":"oddeleniebiologie.sk","article_published_time":"2025-10-29T11:49:52+00:00","article_modified_time":"2025-10-29T11:50:07+00:00","og_image":[{"width":551,"height":765,"url":"https:\/\/oddeleniebiologie.sk\/wp-content\/uploads\/2025\/10\/Snimka-obrazovky-2025-10-29-124537.jpg","type":"image\/jpeg"}],"author":"miroslava.hlebova","twitter_card":"summary_large_image","twitter_misc":{"Written by":"miroslava.hlebova","Est. reading time":"1 minute"},"schema":{"@context":"https:\/\/schema.org","@graph":[{"@type":"Article","@id":"https:\/\/oddeleniebiologie.sk\/den-otvorenych-dveri\/#article","isPartOf":{"@id":"https:\/\/oddeleniebiologie.sk\/den-otvorenych-dveri\/"},"author":{"name":"miroslava.hlebova","@id":"https:\/\/oddeleniebiologie.sk\/#\/schema\/person\/6a0eb58da8fec753d78cfd094beced3e"},"headline":"De\u0148 otvoren\u00fdch dver\u00ed","datePublished":"2025-10-29T11:49:52+00:00","dateModified":"2025-10-29T11:50:07+00:00","mainEntityOfPage":{"@id":"https:\/\/oddeleniebiologie.sk\/den-otvorenych-dveri\/"},"wordCount":33,"publisher":{"@id":"https:\/\/oddeleniebiologie.sk\/#organization"},"image":{"@id":"https:\/\/oddeleniebiologie.sk\/den-otvorenych-dveri\/#primaryimage"},"thumbnailUrl":"https:\/\/oddeleniebiologie.sk\/wp-content\/uploads\/2025\/10\/Snimka-obrazovky-2025-10-29-124537.jpg","articleSection":["Nezaraden\u00e9"],"inLanguage":"en-US"},{"@type":"WebPage","@id":"https:\/\/oddeleniebiologie.sk\/den-otvorenych-dveri\/","url":"https:\/\/oddeleniebiologie.sk\/den-otvorenych-dveri\/","name":"De\u0148 otvoren\u00fdch dver\u00ed - oddeleniebiologie.sk","isPartOf":{"@id":"https:\/\/oddeleniebiologie.sk\/#website"},"primaryImageOfPage":{"@id":"https:\/\/oddeleniebiologie.sk\/den-otvorenych-dveri\/#primaryimage"},"image":{"@id":"https:\/\/oddeleniebiologie.sk\/den-otvorenych-dveri\/#primaryimage"},"thumbnailUrl":"https:\/\/oddeleniebiologie.sk\/wp-content\/uploads\/2025\/10\/Snimka-obrazovky-2025-10-29-124537.jpg","datePublished":"2025-10-29T11:49:52+00:00","dateModified":"2025-10-29T11:50:07+00:00","breadcrumb":{"@id":"https:\/\/oddeleniebiologie.sk\/den-otvorenych-dveri\/#breadcrumb"},"inLanguage":"en-US","potentialAction":[{"@type":"ReadAction","target":["https:\/\/oddeleniebiologie.sk\/den-otvorenych-dveri\/"]}]},{"@type":"ImageObject","inLanguage":"en-US","@id":"https:\/\/oddeleniebiologie.sk\/den-otvorenych-dveri\/#primaryimage","url":"https:\/\/oddeleniebiologie.sk\/wp-content\/uploads\/2025\/10\/Snimka-obrazovky-2025-10-29-124537.jpg","contentUrl":"https:\/\/oddeleniebiologie.sk\/wp-content\/uploads\/2025\/10\/Snimka-obrazovky-2025-10-29-124537.jpg","width":551,"height":765},{"@type":"BreadcrumbList","@id":"https:\/\/oddeleniebiologie.sk\/den-otvorenych-dveri\/#breadcrumb","itemListElement":[{"@type":"ListItem","position":1,"name":"Home","item":"https:\/\/oddeleniebiologie.sk\/"},{"@type":"ListItem","position":2,"name":"De\u0148 otvoren\u00fdch dver\u00ed"}]},{"@type":"WebSite","@id":"https:\/\/oddeleniebiologie.sk\/#website","url":"https:\/\/oddeleniebiologie.sk\/","name":"oddeleniebiologie.sk","description":"Oddelenie biol\u00f3gie","publisher":{"@id":"https:\/\/oddeleniebiologie.sk\/#organization"},"potentialAction":[{"@type":"SearchAction","target":{"@type":"EntryPoint","urlTemplate":"https:\/\/oddeleniebiologie.sk\/?s={search_term_string}"},"query-input":{"@type":"PropertyValueSpecification","valueRequired":true,"valueName":"search_term_string"}}],"inLanguage":"en-US"},{"@type":"Organization","@id":"https:\/\/oddeleniebiologie.sk\/#organization","name":"oddeleniebiologie.sk","url":"https:\/\/oddeleniebiologie.sk\/","logo":{"@type":"ImageObject","inLanguage":"en-US","@id":"https:\/\/oddeleniebiologie.sk\/#\/schema\/logo\/image\/","url":"https:\/\/oddeleniebiologie.sk\/wp-content\/uploads\/2023\/10\/cropped-Oddelenie-biologie.jpg","contentUrl":"https:\/\/oddeleniebiologie.sk\/wp-content\/uploads\/2023\/10\/cropped-Oddelenie-biologie.jpg","width":454,"height":440,"caption":"oddeleniebiologie.sk"},"image":{"@id":"https:\/\/oddeleniebiologie.sk\/#\/schema\/logo\/image\/"}},{"@type":"Person","@id":"https:\/\/oddeleniebiologie.sk\/#\/schema\/person\/6a0eb58da8fec753d78cfd094beced3e","name":"miroslava.hlebova","image":{"@type":"ImageObject","inLanguage":"en-US","@id":"https:\/\/secure.gravatar.com\/avatar\/b8a4d5935cfefcc8c722a1a6c537955fd632261379a2d067bdf3a830305d65f8?s=96&d=mm&r=g","url":"https:\/\/secure.gravatar.com\/avatar\/b8a4d5935cfefcc8c722a1a6c537955fd632261379a2d067bdf3a830305d65f8?s=96&d=mm&r=g","contentUrl":"https:\/\/secure.gravatar.com\/avatar\/b8a4d5935cfefcc8c722a1a6c537955fd632261379a2d067bdf3a830305d65f8?s=96&d=mm&r=g","caption":"miroslava.hlebova"},"sameAs":["http:\/\/oddeleniebiologie.sk"],"url":"https:\/\/oddeleniebiologie.sk\/en\/author\/miroslava-hlebova\/"}]}},"_links":{"self":[{"href":"https:\/\/oddeleniebiologie.sk\/en\/wp-json\/wp\/v2\/posts\/5011","targetHints":{"allow":["GET"]}}],"collection":[{"href":"https:\/\/oddeleniebiologie.sk\/en\/wp-json\/wp\/v2\/posts"}],"about":[{"href":"https:\/\/oddeleniebiologie.sk\/en\/wp-json\/wp\/v2\/types\/post"}],"author":[{"embeddable":true,"href":"https:\/\/oddeleniebiologie.sk\/en\/wp-json\/wp\/v2\/users\/1"}],"replies":[{"embeddable":true,"href":"https:\/\/oddeleniebiologie.sk\/en\/wp-json\/wp\/v2\/comments?post=5011"}],"version-history":[{"count":2,"href":"https:\/\/oddeleniebiologie.sk\/en\/wp-json\/wp\/v2\/posts\/5011\/revisions"}],"predecessor-version":[{"id":5015,"href":"https:\/\/oddeleniebiologie.sk\/en\/wp-json\/wp\/v2\/posts\/5011\/revisions\/5015"}],"wp:featuredmedia":[{"embeddable":true,"href":"https:\/\/oddeleniebiologie.sk\/en\/wp-json\/wp\/v2\/media\/5013"}],"wp:attachment":[{"href":"https:\/\/oddeleniebiologie.sk\/en\/wp-json\/wp\/v2\/media?parent=5011"}],"wp:term":[{"taxonomy":"category","embeddable":true,"href":"https:\/\/oddeleniebiologie.sk\/en\/wp-json\/wp\/v2\/categories?post=5011"},{"taxonomy":"post_tag","embeddable":true,"href":"https:\/\/oddeleniebiologie.sk\/en\/wp-json\/wp\/v2\/tags?post=5011"}],"curies":[{"name":"wp","href":"https:\/\/api.w.org\/{rel}","templated":true}]}}